{"id":2478,"date":"2023-10-25T15:51:17","date_gmt":"2023-10-25T18:51:17","guid":{"rendered":"https:\/\/wp.ufpel.edu.br\/ifisp\/?p=2478"},"modified":"2023-10-25T15:51:17","modified_gmt":"2023-10-25T18:51:17","slug":"nota-de-pesar-maria-helena-rodrigues-da-cunha","status":"publish","type":"post","link":"https:\/\/wp.ufpel.edu.br\/ifisp\/?p=2478","title":{"rendered":"Nota de Pesar &#8211; Maria Helena Rodrigues da Cunha"},"content":{"rendered":"<p>\u00c9 com profunda tristeza que comunicamos o falecimento de Maria Helena Rodrigues da Cunha, m\u00e3e da professora Patr\u00edcia Chaves da Cunha, que leciona no curso de Ci\u00eancias Sociais. Neste momento de dor, nossos pensamentos e solidariedade est\u00e3o com a professora Patr\u00edcia e sua fam\u00edlia. Que encontrem conforto nas lembran\u00e7as preciosas que compartilharam com Maria Helena e no amor e apoio daqueles que os rodeiam.<\/p>\n","protected":false},"excerpt":{"rendered":"<p>\u00c9 com profunda tristeza que comunicamos o falecimento de Maria Helena Rodrigues da Cunha, m\u00e3e da professora Patr\u00edcia Chaves da Cunha, que leciona no curso de Ci\u00eancias Sociais. Neste momento de dor, nossos pensamentos e solidariedade est\u00e3o com a professora Patr\u00edcia e sua fam\u00edlia. Que encontrem conforto nas lembran\u00e7as preciosas que compartilharam com Maria Helena [&hellip;]<\/p>\n","protected":false},"author":1247,"featured_media":0,"comment_status":"closed","ping_status":"closed","sticky":false,"template":"","format":"standard","meta":{"advanced_seo_description":"","jetpack_seo_html_title":"","jetpack_seo_noindex":false,"jetpack_post_was_ever_published":false,"_jetpack_newsletter_access":"","_jetpack_dont_email_post_to_subs":false,"_jetpack_newsletter_tier_id":0,"_jetpack_memberships_contains_paywalled_content":false,"_jetpack_memberships_contains_paid_content":false,"footnotes":""},"categories":[62],"tags":[],"class_list":["post-2478","post","type-post","status-publish","format-standard","hentry","category-nota-de-pesar"],"jetpack_featured_media_url":"","jetpack_sharing_enabled":true,"_links":{"self":[{"href":"https:\/\/wp.ufpel.edu.br\/ifisp\/index.php?rest_route=\/wp\/v2\/posts\/2478","targetHints":{"allow":["GET"]}}],"collection":[{"href":"https:\/\/wp.ufpel.edu.br\/ifisp\/index.php?rest_route=\/wp\/v2\/posts"}],"about":[{"href":"https:\/\/wp.ufpel.edu.br\/ifisp\/index.php?rest_route=\/wp\/v2\/types\/post"}],"author":[{"embeddable":true,"href":"https:\/\/wp.ufpel.edu.br\/ifisp\/index.php?rest_route=\/wp\/v2\/users\/1247"}],"replies":[{"embeddable":true,"href":"https:\/\/wp.ufpel.edu.br\/ifisp\/index.php?rest_route=%2Fwp%2Fv2%2Fcomments&post=2478"}],"version-history":[{"count":1,"href":"https:\/\/wp.ufpel.edu.br\/ifisp\/index.php?rest_route=\/wp\/v2\/posts\/2478\/revisions"}],"predecessor-version":[{"id":2479,"href":"https:\/\/wp.ufpel.edu.br\/ifisp\/index.php?rest_route=\/wp\/v2\/posts\/2478\/revisions\/2479"}],"wp:attachment":[{"href":"https:\/\/wp.ufpel.edu.br\/ifisp\/index.php?rest_route=%2Fwp%2Fv2%2Fmedia&parent=2478"}],"wp:term":[{"taxonomy":"category","embeddable":true,"href":"https:\/\/wp.ufpel.edu.br\/ifisp\/index.php?rest_route=%2Fwp%2Fv2%2Fcategories&post=2478"},{"taxonomy":"post_tag","embeddable":true,"href":"https:\/\/wp.ufpel.edu.br\/ifisp\/index.php?rest_route=%2Fwp%2Fv2%2Ftags&post=2478"}],"curies":[{"name":"wp","href":"https:\/\/api.w.org\/{rel}","templated":true}]}}