{"id":2190,"date":"2023-07-21T16:58:03","date_gmt":"2023-07-21T19:58:03","guid":{"rendered":"https:\/\/wp.ufpel.edu.br\/ifisp\/?p=2190"},"modified":"2023-08-28T12:05:16","modified_gmt":"2023-08-28T15:05:16","slug":"ufpel-tem-vaga-docente-na-area-de-relacoes-internacionais-para-redistribuicao","status":"publish","type":"post","link":"https:\/\/wp.ufpel.edu.br\/ifisp\/?p=2190","title":{"rendered":"UFPel tem vaga docente na \u00e1rea de Rela\u00e7\u00f5es Internacionais para redistribui\u00e7\u00e3o"},"content":{"rendered":"<p>Docentes do magist\u00e9rio superior de universidades federais podem concorrer no processo de redistribui\u00e7\u00e3o oferecido pelo Instituto de Filosofia, Sociologia e Pol\u00edtica da Universidade Federal de Pelotas (IFISP\/UFPel). Est\u00e1 sendo oferecida uma vaga para a \u00e1rea de Rela\u00e7\u00f5es Internacionais, Bilaterais e Multilaterais.<\/p>\n<p>Os candidatos, graduados em qualquer \u00e1rea, devem ter doutorado em Rela\u00e7\u00f5es Internacionais ou em Estudos Estrat\u00e9gicos Internacionais. As inscri\u00e7\u00f5es ocorrem de 7 a 28 de agosto, por e-mail. A avalia\u00e7\u00e3o das candidaturas se basear\u00e1 em crit\u00e9rios de t\u00edtulos acad\u00eamicos, atividades de ensino, administrativas ou profissionais e de produ\u00e7\u00e3o cient\u00edfica ou tecnol\u00f3gica.<\/p>\n<p><a href=\"https:\/\/wp.ufpel.edu.br\/progep\/files\/2023\/07\/EDITAL-DE-REDISTRIBUICAO-No-5-DE-10-DE-JULHO-DE-2023-EDITAL-DE-REDISTRIBUICAO-No-5-DE-10-DE-JULHO-DE-2023-DOU-Imprensa-Nacional.pdf\">Mais informa\u00e7\u00f5es poder\u00e3o ser encontradas no edital, dispon\u00edvel neste link.<\/a><\/p>\n","protected":false},"excerpt":{"rendered":"<p>Docentes do magist\u00e9rio superior de universidades federais podem concorrer no processo de redistribui\u00e7\u00e3o oferecido pelo Instituto de Filosofia, Sociologia e Pol\u00edtica da Universidade Federal de Pelotas (IFISP\/UFPel). Est\u00e1 sendo oferecida uma vaga para a \u00e1rea de Rela\u00e7\u00f5es Internacionais, Bilaterais e Multilaterais. Os candidatos, graduados em qualquer \u00e1rea, devem ter doutorado em Rela\u00e7\u00f5es Internacionais ou em [&hellip;]<\/p>\n","protected":false},"author":1247,"featured_media":0,"comment_status":"closed","ping_status":"closed","sticky":false,"template":"","format":"standard","meta":{"advanced_seo_description":"","jetpack_seo_html_title":"","jetpack_seo_noindex":false,"jetpack_post_was_ever_published":false,"_jetpack_newsletter_access":"","_jetpack_dont_email_post_to_subs":false,"_jetpack_newsletter_tier_id":0,"_jetpack_memberships_contains_paywalled_content":false,"_jetpack_memberships_contains_paid_content":false,"footnotes":""},"categories":[44,36],"tags":[],"class_list":["post-2190","post","type-post","status-publish","format-standard","hentry","category-editas","category-relacoes-internacionais"],"jetpack_featured_media_url":"","jetpack_sharing_enabled":true,"_links":{"self":[{"href":"https:\/\/wp.ufpel.edu.br\/ifisp\/index.php?rest_route=\/wp\/v2\/posts\/2190","targetHints":{"allow":["GET"]}}],"collection":[{"href":"https:\/\/wp.ufpel.edu.br\/ifisp\/index.php?rest_route=\/wp\/v2\/posts"}],"about":[{"href":"https:\/\/wp.ufpel.edu.br\/ifisp\/index.php?rest_route=\/wp\/v2\/types\/post"}],"author":[{"embeddable":true,"href":"https:\/\/wp.ufpel.edu.br\/ifisp\/index.php?rest_route=\/wp\/v2\/users\/1247"}],"replies":[{"embeddable":true,"href":"https:\/\/wp.ufpel.edu.br\/ifisp\/index.php?rest_route=%2Fwp%2Fv2%2Fcomments&post=2190"}],"version-history":[{"count":1,"href":"https:\/\/wp.ufpel.edu.br\/ifisp\/index.php?rest_route=\/wp\/v2\/posts\/2190\/revisions"}],"predecessor-version":[{"id":2191,"href":"https:\/\/wp.ufpel.edu.br\/ifisp\/index.php?rest_route=\/wp\/v2\/posts\/2190\/revisions\/2191"}],"wp:attachment":[{"href":"https:\/\/wp.ufpel.edu.br\/ifisp\/index.php?rest_route=%2Fwp%2Fv2%2Fmedia&parent=2190"}],"wp:term":[{"taxonomy":"category","embeddable":true,"href":"https:\/\/wp.ufpel.edu.br\/ifisp\/index.php?rest_route=%2Fwp%2Fv2%2Fcategories&post=2190"},{"taxonomy":"post_tag","embeddable":true,"href":"https:\/\/wp.ufpel.edu.br\/ifisp\/index.php?rest_route=%2Fwp%2Fv2%2Ftags&post=2190"}],"curies":[{"name":"wp","href":"https:\/\/api.w.org\/{rel}","templated":true}]}}