{"id":1813,"date":"2023-04-24T14:49:26","date_gmt":"2023-04-24T17:49:26","guid":{"rendered":"https:\/\/wp.ufpel.edu.br\/ifisp\/?p=1813"},"modified":"2023-04-24T14:49:26","modified_gmt":"2023-04-24T17:49:26","slug":"capes-divulga-edital-de-apoio-a-eventos-cientificos-no-pais","status":"publish","type":"post","link":"https:\/\/wp.ufpel.edu.br\/ifisp\/?p=1813","title":{"rendered":"CAPES divulga edital de apoio a eventos cient\u00edficos no Pa\u00eds"},"content":{"rendered":"<p style=\"text-align: justify;\">P\u00d3S-GRADUA\u00c7\u00c3O<\/p>\n<p style=\"text-align: justify;\"><em>Recursos dobram em rela\u00e7\u00e3o \u00e0 sele\u00e7\u00e3o anterior e poder\u00e3o ser usados em brinquedotecas, para que pessoas com filhos pequenos participem<\/em><\/p>\n<p style=\"text-align: justify;\">\n<p style=\"text-align: justify;\">A CAPES publicou nesta quinta-feira, 20 de abril, o Edital n\u00ba\u00a0<a href=\"http:\/\/app10.iazn.net\/action\/cli\/2719\/53413\/980868\/980784\/158181\" target=\"_blank\" rel=\"noopener noreferrer\">11\/2023,<\/a>\u00a0do Programa de Apoio a Eventos no Pa\u00eds\u00a0(<a href=\"http:\/\/app10.iazn.net\/action\/cli\/2719\/53413\/980868\/980784\/158182\" target=\"_blank\" rel=\"noopener noreferrer\">PAEP<\/a>).\u00a0A Funda\u00e7\u00e3o receber\u00e1 propostas de eventos cient\u00edficos, tecnol\u00f3gicos ou de extens\u00e3o no Brasil de 2 de maio a 5 de junho, pelo seu sistema de\u00a0<a href=\"http:\/\/app10.iazn.net\/action\/cli\/2719\/53413\/980868\/980784\/158183\" target=\"_blank\" rel=\"noopener noreferrer\">inscri\u00e7\u00f5es.<\/a> Esta edi\u00e7\u00e3o traz uma novidade: em resposta a uma demanda da comunidade acad\u00eamica, os recursos, que dobraram em rela\u00e7\u00e3o \u00e0 sele\u00e7\u00e3o anterior, poder\u00e3o ser usados em brinquedotecas, para que pessoas com filhos pequenos participem.<\/p>\n<p style=\"text-align: justify;\">O\u00a0<a href=\"http:\/\/app10.iazn.net\/action\/cli\/2719\/53413\/980868\/980784\/158184\" target=\"_blank\" rel=\"noopener noreferrer\">edital<\/a>\u00a0estabelece apoio a eventos presenciais ou semipresenciais realizados no Pa\u00eds entre 11 de setembro deste ano e 31 de maio de 2024. A abrang\u00eancia deve ser nacional, com p\u00fablico-alvo presencial e palestrantes ou conferencistas de tr\u00eas ou mais regi\u00f5es do Brasil, ou internacional, com pessoal de dois ou mais pa\u00edses. Haver\u00e1 quatro datas de divulga\u00e7\u00e3o de resultados: 16 de junho (an\u00e1lise t\u00e9cnica, preliminar), 3 de julho (an\u00e1lise t\u00e9cnica, final), 14 de agosto (an\u00e1lise de m\u00e9rito, preliminar) e 4 de setembro (final do edital).<\/p>\n<p style=\"text-align: justify;\">Os eventos s\u00e3o divididos em pequenos, m\u00e9dios e grandes, de acordo com o n\u00famero de participantes: at\u00e9 200, de 201 a 600 e a partir de 601. Os valores variam pelo tamanho e pela abrang\u00eancia. Caso o evento seja pequeno e nacional, o teto \u00e9 R$70 mil, e se for internacional, R$90 mil. Para m\u00e9dios, as cifras s\u00e3o R$100 mil e R$120 mil, respectivamente, e para grandes, R$140 mil e R$160 mil.<\/p>\n<p style=\"text-align: justify;\">A an\u00e1lise t\u00e9cnica \u00e9 uma parte que avalia se as institui\u00e7\u00f5es, entidades e proponentes seguiram as regras do edital. J\u00e1 a de m\u00e9rito vai levar em conta fatores como a relev\u00e2ncia dos eventos para o Sistema Nacional de P\u00f3s-Gradua\u00e7\u00e3o (SNPG) e para a \u00e1rea do conhecimento nele representada, a programa\u00e7\u00e3o, os palestrantes, o comit\u00ea cient\u00edfico, a comiss\u00e3o organizadora e o quanto houve de est\u00edmulo \u00e0 participa\u00e7\u00e3o de estudantes.<\/p>\n<p style=\"text-align: justify;\">Mais informa\u00e7\u00f5es ou orienta\u00e7\u00f5es sobre o edital devem ser solicitadas pelo e-mail:\u00a0<a href=\"http:\/\/app10.iazn.net\/action\/cli\/2719\/53413\/980868\/980784\/158185\" target=\"_blank\" rel=\"noopener noreferrer\">paep@capes.gov.br.<\/a><\/p>\n<p style=\"text-align: justify;\"><strong>Sobre o Programa<\/strong><br \/>\nO\u00a0<a href=\"http:\/\/app10.iazn.net\/action\/cli\/2719\/53413\/980868\/980784\/158186\" target=\"_blank\" rel=\"noopener noreferrer\">PAEP<\/a>\u00a0apoia a divulga\u00e7\u00e3o da produ\u00e7\u00e3o cient\u00edfica e tecnol\u00f3gica, al\u00e9m de fortalecer a coopera\u00e7\u00e3o cient\u00edfico-acad\u00eamica e a integra\u00e7\u00e3o entre professores, pesquisadores e estudantes de p\u00f3s-gradua\u00e7\u00e3o. O Programa atende a eventos de curta dura\u00e7\u00e3o relevantes para a p\u00f3s-gradua\u00e7\u00e3o que ocorram no Brasil, com abrang\u00eancia nacional ou internacional.<\/p>\n<p style=\"text-align: justify;\">\n<p style=\"text-align: justify;\"><em>A Coordena\u00e7\u00e3o de Aperfei\u00e7oamento de Pessoal de N\u00edvel Superior (CAPES) \u00e9 um \u00f3rg\u00e3o vinculado ao Minist\u00e9rio da Educa\u00e7\u00e3o (MEC).<\/em><br \/>\n<em>(Bras\u00edlia \u2013 Reda\u00e7\u00e3o CGCOM\/CAPES)<\/em><br \/>\n<em>A reprodu\u00e7\u00e3o das not\u00edcias \u00e9 autorizada desde que contenha a assinatura CGCOM\/CAPES<\/em><\/p>\n<p style=\"text-align: justify;\"><a href=\"https:\/\/wp.ufpel.edu.br\/ifisp\/files\/2023\/04\/31102022-email-rodape-CGCOM.png\"><img data-attachment-id=\"1815\" data-permalink=\"https:\/\/wp.ufpel.edu.br\/ifisp\/?attachment_id=1815\" data-orig-file=\"https:\/\/wp.ufpel.edu.br\/ifisp\/files\/2023\/04\/31102022-email-rodape-CGCOM.png\" data-orig-size=\"801,80\" data-comments-opened=\"0\" data-image-meta=\"{&quot;aperture&quot;:&quot;0&quot;,&quot;credit&quot;:&quot;&quot;,&quot;camera&quot;:&quot;&quot;,&quot;caption&quot;:&quot;&quot;,&quot;created_timestamp&quot;:&quot;0&quot;,&quot;copyright&quot;:&quot;&quot;,&quot;focal_length&quot;:&quot;0&quot;,&quot;iso&quot;:&quot;0&quot;,&quot;shutter_speed&quot;:&quot;0&quot;,&quot;title&quot;:&quot;&quot;,&quot;orientation&quot;:&quot;0&quot;}\" data-image-title=\"31102022-email-rodape-CGCOM\" data-image-description=\"\" data-image-caption=\"\" data-medium-file=\"https:\/\/wp.ufpel.edu.br\/ifisp\/files\/2023\/04\/31102022-email-rodape-CGCOM-400x40.png\" data-large-file=\"https:\/\/wp.ufpel.edu.br\/ifisp\/files\/2023\/04\/31102022-email-rodape-CGCOM.png\" class=\"wp-image-1815 aligncenter\" src=\"https:\/\/wp.ufpel.edu.br\/ifisp\/files\/2023\/04\/31102022-email-rodape-CGCOM.png\" alt=\"\" width=\"690\" height=\"69\" srcset=\"https:\/\/wp.ufpel.edu.br\/ifisp\/files\/2023\/04\/31102022-email-rodape-CGCOM.png 801w, https:\/\/wp.ufpel.edu.br\/ifisp\/files\/2023\/04\/31102022-email-rodape-CGCOM-400x40.png 400w, https:\/\/wp.ufpel.edu.br\/ifisp\/files\/2023\/04\/31102022-email-rodape-CGCOM-768x77.png 768w\" sizes=\"(max-width: 690px) 100vw, 690px\" \/><\/a><\/p>\n","protected":false},"excerpt":{"rendered":"<p>P\u00d3S-GRADUA\u00c7\u00c3O Recursos dobram em rela\u00e7\u00e3o \u00e0 sele\u00e7\u00e3o anterior e poder\u00e3o ser usados em brinquedotecas, para que pessoas com filhos pequenos participem A CAPES publicou nesta quinta-feira, 20 de abril, o Edital n\u00ba\u00a011\/2023,\u00a0do Programa de Apoio a Eventos no Pa\u00eds\u00a0(PAEP).\u00a0A Funda\u00e7\u00e3o receber\u00e1 propostas de eventos cient\u00edficos, tecnol\u00f3gicos ou de extens\u00e3o no Brasil de 2 de maio [&hellip;]<\/p>\n","protected":false},"author":1247,"featured_media":0,"comment_status":"closed","ping_status":"closed","sticky":false,"template":"","format":"standard","meta":{"advanced_seo_description":"","jetpack_seo_html_title":"","jetpack_seo_noindex":false,"jetpack_post_was_ever_published":false,"_jetpack_newsletter_access":"","_jetpack_dont_email_post_to_subs":false,"_jetpack_newsletter_tier_id":0,"_jetpack_memberships_contains_paywalled_content":false,"_jetpack_memberships_contains_paid_content":false,"footnotes":""},"categories":[45,33],"tags":[],"class_list":["post-1813","post","type-post","status-publish","format-standard","hentry","category-noticias","category-pos-graduacao"],"jetpack_featured_media_url":"","jetpack_sharing_enabled":true,"_links":{"self":[{"href":"https:\/\/wp.ufpel.edu.br\/ifisp\/index.php?rest_route=\/wp\/v2\/posts\/1813","targetHints":{"allow":["GET"]}}],"collection":[{"href":"https:\/\/wp.ufpel.edu.br\/ifisp\/index.php?rest_route=\/wp\/v2\/posts"}],"about":[{"href":"https:\/\/wp.ufpel.edu.br\/ifisp\/index.php?rest_route=\/wp\/v2\/types\/post"}],"author":[{"embeddable":true,"href":"https:\/\/wp.ufpel.edu.br\/ifisp\/index.php?rest_route=\/wp\/v2\/users\/1247"}],"replies":[{"embeddable":true,"href":"https:\/\/wp.ufpel.edu.br\/ifisp\/index.php?rest_route=%2Fwp%2Fv2%2Fcomments&post=1813"}],"version-history":[{"count":3,"href":"https:\/\/wp.ufpel.edu.br\/ifisp\/index.php?rest_route=\/wp\/v2\/posts\/1813\/revisions"}],"predecessor-version":[{"id":1817,"href":"https:\/\/wp.ufpel.edu.br\/ifisp\/index.php?rest_route=\/wp\/v2\/posts\/1813\/revisions\/1817"}],"wp:attachment":[{"href":"https:\/\/wp.ufpel.edu.br\/ifisp\/index.php?rest_route=%2Fwp%2Fv2%2Fmedia&parent=1813"}],"wp:term":[{"taxonomy":"category","embeddable":true,"href":"https:\/\/wp.ufpel.edu.br\/ifisp\/index.php?rest_route=%2Fwp%2Fv2%2Fcategories&post=1813"},{"taxonomy":"post_tag","embeddable":true,"href":"https:\/\/wp.ufpel.edu.br\/ifisp\/index.php?rest_route=%2Fwp%2Fv2%2Ftags&post=1813"}],"curies":[{"name":"wp","href":"https:\/\/api.w.org\/{rel}","templated":true}]}}