{"id":1787,"date":"2023-04-14T18:50:46","date_gmt":"2023-04-14T21:50:46","guid":{"rendered":"https:\/\/wp.ufpel.edu.br\/ifisp\/?p=1787"},"modified":"2023-04-14T18:50:46","modified_gmt":"2023-04-14T21:50:46","slug":"mini-curso-financeirizacao-capitalismo-de-indices-intermediarios-e-novas-configuracoes-do-tecido-social","status":"publish","type":"post","link":"https:\/\/wp.ufpel.edu.br\/ifisp\/?p=1787","title":{"rendered":"Mini-curso: Financeiriza\u00e7\u00e3o, capitalismo de \u00edndices, intermedi\u00e1rios e novas configura\u00e7\u00f5es do tecido social"},"content":{"rendered":"<p>O Programa de P\u00f3s-Gradua\u00e7\u00e3o em Sociologia convida para o Mini-curso: Financeiriza\u00e7\u00e3o, capitalismo de \u00edndices, intermedi\u00e1rios e novas configura\u00e7\u00f5es do tecido social, ministrado pelo Prof. J\u00falio Cesar Donadone (UFSCar).<\/p>\n<p>O Prof. J\u00falio Cesar Donadone \u00e9 professor Titular da Universidade Federal de S\u00e3o Carlos &#8211; UFSCar e coordenador do N\u00facleo de Sociologia Econ\u00f4mica e das Finan\u00e7as &#8211; NESEFI. Foi pesquisador visitante na University of California Berkeley (1998 e 2018) e na EHESS -\u00c9cole des Hautes \u00c9tudes en Sciences Sociales\/Paris 2005. Bolsista produtividade 2 do CNPq.<\/p>\n<p><strong>Quando<\/strong>: 03 e 04 de maio de 2023 &#8211; 16h \u00e0s 18h<br \/>\n<strong>Onde<\/strong>:<\/p>\n<ul>\n<li>03\/05\/2023: Audit\u00f3rio do Centro de Artes &#8211; R. \u00c1lvaro Chaves, 65<\/li>\n<li>04\/05\/2023: Sala 352 do CCHS &#8211; R. Alberto Rosa, 154<\/li>\n<\/ul>\n<p><strong>Inscri\u00e7\u00f5es<\/strong>: at\u00e9 01 de maio de 2023 &#8211; enviar e-mail com nome completo e CPF para esleite20@gmail.com<br \/>\n<strong>Certificado<\/strong>:\u00a04 horas<\/p>\n<p>&nbsp;<\/p>\n<p><a href=\"https:\/\/wp.ufpel.edu.br\/ifisp\/files\/2023\/04\/banner-palestra-prof.-julio-cesar-donadone.png\"><img data-attachment-id=\"1789\" data-permalink=\"https:\/\/wp.ufpel.edu.br\/ifisp\/?attachment_id=1789\" data-orig-file=\"https:\/\/wp.ufpel.edu.br\/ifisp\/files\/2023\/04\/banner-palestra-prof.-julio-cesar-donadone.png\" data-orig-size=\"1587,2245\" data-comments-opened=\"0\" data-image-meta=\"{&quot;aperture&quot;:&quot;0&quot;,&quot;credit&quot;:&quot;&quot;,&quot;camera&quot;:&quot;&quot;,&quot;caption&quot;:&quot;&quot;,&quot;created_timestamp&quot;:&quot;0&quot;,&quot;copyright&quot;:&quot;&quot;,&quot;focal_length&quot;:&quot;0&quot;,&quot;iso&quot;:&quot;0&quot;,&quot;shutter_speed&quot;:&quot;0&quot;,&quot;title&quot;:&quot;&quot;,&quot;orientation&quot;:&quot;0&quot;}\" data-image-title=\"banner palestra prof. julio c\u00e9sar donadone\" data-image-description=\"\" data-image-caption=\"\" data-medium-file=\"https:\/\/wp.ufpel.edu.br\/ifisp\/files\/2023\/04\/banner-palestra-prof.-julio-cesar-donadone-283x400.png\" data-large-file=\"https:\/\/wp.ufpel.edu.br\/ifisp\/files\/2023\/04\/banner-palestra-prof.-julio-cesar-donadone-724x1024.png\" class=\"aligncenter  wp-image-1789\" src=\"https:\/\/wp.ufpel.edu.br\/ifisp\/files\/2023\/04\/banner-palestra-prof.-julio-cesar-donadone.png\" alt=\"\" width=\"584\" height=\"826\" srcset=\"https:\/\/wp.ufpel.edu.br\/ifisp\/files\/2023\/04\/banner-palestra-prof.-julio-cesar-donadone.png 1587w, https:\/\/wp.ufpel.edu.br\/ifisp\/files\/2023\/04\/banner-palestra-prof.-julio-cesar-donadone-283x400.png 283w, https:\/\/wp.ufpel.edu.br\/ifisp\/files\/2023\/04\/banner-palestra-prof.-julio-cesar-donadone-724x1024.png 724w, https:\/\/wp.ufpel.edu.br\/ifisp\/files\/2023\/04\/banner-palestra-prof.-julio-cesar-donadone-768x1086.png 768w, https:\/\/wp.ufpel.edu.br\/ifisp\/files\/2023\/04\/banner-palestra-prof.-julio-cesar-donadone-1086x1536.png 1086w, https:\/\/wp.ufpel.edu.br\/ifisp\/files\/2023\/04\/banner-palestra-prof.-julio-cesar-donadone-1448x2048.png 1448w\" sizes=\"(max-width: 584px) 100vw, 584px\" \/><\/a><\/p>\n","protected":false},"excerpt":{"rendered":"<p>O Programa de P\u00f3s-Gradua\u00e7\u00e3o em Sociologia convida para o Mini-curso: Financeiriza\u00e7\u00e3o, capitalismo de \u00edndices, intermedi\u00e1rios e novas configura\u00e7\u00f5es do tecido social, ministrado pelo Prof. J\u00falio Cesar Donadone (UFSCar). O Prof. J\u00falio Cesar Donadone \u00e9 professor Titular da Universidade Federal de S\u00e3o Carlos &#8211; UFSCar e coordenador do N\u00facleo de Sociologia Econ\u00f4mica e das Finan\u00e7as &#8211; [&hellip;]<\/p>\n","protected":false},"author":1247,"featured_media":0,"comment_status":"closed","ping_status":"closed","sticky":false,"template":"","format":"standard","meta":{"advanced_seo_description":"","jetpack_seo_html_title":"","jetpack_seo_noindex":false,"jetpack_post_was_ever_published":false,"_jetpack_newsletter_access":"","_jetpack_dont_email_post_to_subs":false,"_jetpack_newsletter_tier_id":0,"_jetpack_memberships_contains_paywalled_content":false,"_jetpack_memberships_contains_paid_content":false,"footnotes":""},"categories":[42,31],"tags":[],"class_list":["post-1787","post","type-post","status-publish","format-standard","hentry","category-eventos","category-sociologia"],"jetpack_featured_media_url":"","jetpack_sharing_enabled":true,"_links":{"self":[{"href":"https:\/\/wp.ufpel.edu.br\/ifisp\/index.php?rest_route=\/wp\/v2\/posts\/1787","targetHints":{"allow":["GET"]}}],"collection":[{"href":"https:\/\/wp.ufpel.edu.br\/ifisp\/index.php?rest_route=\/wp\/v2\/posts"}],"about":[{"href":"https:\/\/wp.ufpel.edu.br\/ifisp\/index.php?rest_route=\/wp\/v2\/types\/post"}],"author":[{"embeddable":true,"href":"https:\/\/wp.ufpel.edu.br\/ifisp\/index.php?rest_route=\/wp\/v2\/users\/1247"}],"replies":[{"embeddable":true,"href":"https:\/\/wp.ufpel.edu.br\/ifisp\/index.php?rest_route=%2Fwp%2Fv2%2Fcomments&post=1787"}],"version-history":[{"count":2,"href":"https:\/\/wp.ufpel.edu.br\/ifisp\/index.php?rest_route=\/wp\/v2\/posts\/1787\/revisions"}],"predecessor-version":[{"id":1790,"href":"https:\/\/wp.ufpel.edu.br\/ifisp\/index.php?rest_route=\/wp\/v2\/posts\/1787\/revisions\/1790"}],"wp:attachment":[{"href":"https:\/\/wp.ufpel.edu.br\/ifisp\/index.php?rest_route=%2Fwp%2Fv2%2Fmedia&parent=1787"}],"wp:term":[{"taxonomy":"category","embeddable":true,"href":"https:\/\/wp.ufpel.edu.br\/ifisp\/index.php?rest_route=%2Fwp%2Fv2%2Fcategories&post=1787"},{"taxonomy":"post_tag","embeddable":true,"href":"https:\/\/wp.ufpel.edu.br\/ifisp\/index.php?rest_route=%2Fwp%2Fv2%2Ftags&post=1787"}],"curies":[{"name":"wp","href":"https:\/\/api.w.org\/{rel}","templated":true}]}}