{"id":1740,"date":"2023-03-28T20:52:30","date_gmt":"2023-03-28T23:52:30","guid":{"rendered":"https:\/\/wp.ufpel.edu.br\/ifisp\/?p=1740"},"modified":"2023-06-29T17:47:21","modified_gmt":"2023-06-29T20:47:21","slug":"aula-inaugural-ppg-filosofia","status":"publish","type":"post","link":"https:\/\/wp.ufpel.edu.br\/ifisp\/?p=1740","title":{"rendered":"Aula Inaugural PPG Filosofia"},"content":{"rendered":"<p style=\"text-align: center;\"><span style=\"font-weight: 400;\">O programa de p\u00f3s-gradua\u00e7\u00e3o em Filosofia da UFPel convida para sua Aula Inaugural:\u00a0<\/span><\/p>\n<p style=\"text-align: center;\">NO LIMIAR DE UMA NOVA \u00c9POCA, REFLEX\u00d5ES SOBRE O PANORAMA POL\u00cdTICO-SOCIAL CONTEMPOR\u00c2NEO<\/p>\n<p><strong>Dia<\/strong>: 3 de Abril de 2023, \u00e0s 19h<br \/>\n<strong>Local<\/strong>: Audit\u00f3rio do CEHUS (Rua Cel. Alberto Rosa, 117)<br \/>\n<strong>P\u00fablico-alvo<\/strong>: comunidade em geral<\/p>\n<p>SOBRE O PALESTRANTE:\u00a0Jo\u00e3o Carlos Brum Torres possui Gradua\u00e7\u00e3o em Filosofia pela UFRGS (1967), Mestrado em Filosofia pela Universit\u00e9 de Paris XIII (1974), Doutorado em Ci\u00eancias Humanas pela Universidade de S\u00e3o Paulo (1985) e P\u00f3s-Doutorado em Filosofia pela University of California Berckeley\/EUA (2014). \u00c9 Professor Titular aposentado da Universidade Federal do Rio Grande do Sul.<\/p>\n<p><a href=\"https:\/\/wp.ufpel.edu.br\/ifisp\/files\/2023\/03\/aula-inaugural-ppgfil-2023.jpeg\"><img data-attachment-id=\"1741\" data-permalink=\"https:\/\/wp.ufpel.edu.br\/ifisp\/?attachment_id=1741\" data-orig-file=\"https:\/\/wp.ufpel.edu.br\/ifisp\/files\/2023\/03\/aula-inaugural-ppgfil-2023.jpeg\" data-orig-size=\"854,1234\" data-comments-opened=\"0\" data-image-meta=\"{&quot;aperture&quot;:&quot;0&quot;,&quot;credit&quot;:&quot;&quot;,&quot;camera&quot;:&quot;&quot;,&quot;caption&quot;:&quot;&quot;,&quot;created_timestamp&quot;:&quot;0&quot;,&quot;copyright&quot;:&quot;&quot;,&quot;focal_length&quot;:&quot;0&quot;,&quot;iso&quot;:&quot;0&quot;,&quot;shutter_speed&quot;:&quot;0&quot;,&quot;title&quot;:&quot;&quot;,&quot;orientation&quot;:&quot;0&quot;}\" data-image-title=\"aula inaugural ppgfil 2023\" data-image-description=\"\" data-image-caption=\"\" data-medium-file=\"https:\/\/wp.ufpel.edu.br\/ifisp\/files\/2023\/03\/aula-inaugural-ppgfil-2023-277x400.jpeg\" data-large-file=\"https:\/\/wp.ufpel.edu.br\/ifisp\/files\/2023\/03\/aula-inaugural-ppgfil-2023-709x1024.jpeg\" class=\"aligncenter wp-image-1741\" src=\"https:\/\/wp.ufpel.edu.br\/ifisp\/files\/2023\/03\/aula-inaugural-ppgfil-2023.jpeg\" alt=\"\" width=\"415\" height=\"600\" srcset=\"https:\/\/wp.ufpel.edu.br\/ifisp\/files\/2023\/03\/aula-inaugural-ppgfil-2023.jpeg 854w, https:\/\/wp.ufpel.edu.br\/ifisp\/files\/2023\/03\/aula-inaugural-ppgfil-2023-277x400.jpeg 277w, https:\/\/wp.ufpel.edu.br\/ifisp\/files\/2023\/03\/aula-inaugural-ppgfil-2023-709x1024.jpeg 709w, https:\/\/wp.ufpel.edu.br\/ifisp\/files\/2023\/03\/aula-inaugural-ppgfil-2023-768x1110.jpeg 768w\" sizes=\"(max-width: 415px) 100vw, 415px\" \/><\/a><\/p>\n","protected":false},"excerpt":{"rendered":"<p>O programa de p\u00f3s-gradua\u00e7\u00e3o em Filosofia da UFPel convida para sua Aula Inaugural:\u00a0 NO LIMIAR DE UMA NOVA \u00c9POCA, REFLEX\u00d5ES SOBRE O PANORAMA POL\u00cdTICO-SOCIAL CONTEMPOR\u00c2NEO Dia: 3 de Abril de 2023, \u00e0s 19h Local: Audit\u00f3rio do CEHUS (Rua Cel. Alberto Rosa, 117) P\u00fablico-alvo: comunidade em geral SOBRE O PALESTRANTE:\u00a0Jo\u00e3o Carlos Brum Torres possui Gradua\u00e7\u00e3o em [&hellip;]<\/p>\n","protected":false},"author":1247,"featured_media":0,"comment_status":"closed","ping_status":"closed","sticky":false,"template":"","format":"standard","meta":{"advanced_seo_description":"","jetpack_seo_html_title":"","jetpack_seo_noindex":false,"jetpack_post_was_ever_published":false,"_jetpack_newsletter_access":"","_jetpack_dont_email_post_to_subs":false,"_jetpack_newsletter_tier_id":0,"_jetpack_memberships_contains_paywalled_content":false,"_jetpack_memberships_contains_paid_content":false,"footnotes":""},"categories":[42,22,33],"tags":[],"class_list":["post-1740","post","type-post","status-publish","format-standard","hentry","category-eventos","category-filosofia","category-pos-graduacao"],"jetpack_featured_media_url":"","jetpack_sharing_enabled":true,"_links":{"self":[{"href":"https:\/\/wp.ufpel.edu.br\/ifisp\/index.php?rest_route=\/wp\/v2\/posts\/1740","targetHints":{"allow":["GET"]}}],"collection":[{"href":"https:\/\/wp.ufpel.edu.br\/ifisp\/index.php?rest_route=\/wp\/v2\/posts"}],"about":[{"href":"https:\/\/wp.ufpel.edu.br\/ifisp\/index.php?rest_route=\/wp\/v2\/types\/post"}],"author":[{"embeddable":true,"href":"https:\/\/wp.ufpel.edu.br\/ifisp\/index.php?rest_route=\/wp\/v2\/users\/1247"}],"replies":[{"embeddable":true,"href":"https:\/\/wp.ufpel.edu.br\/ifisp\/index.php?rest_route=%2Fwp%2Fv2%2Fcomments&post=1740"}],"version-history":[{"count":2,"href":"https:\/\/wp.ufpel.edu.br\/ifisp\/index.php?rest_route=\/wp\/v2\/posts\/1740\/revisions"}],"predecessor-version":[{"id":1743,"href":"https:\/\/wp.ufpel.edu.br\/ifisp\/index.php?rest_route=\/wp\/v2\/posts\/1740\/revisions\/1743"}],"wp:attachment":[{"href":"https:\/\/wp.ufpel.edu.br\/ifisp\/index.php?rest_route=%2Fwp%2Fv2%2Fmedia&parent=1740"}],"wp:term":[{"taxonomy":"category","embeddable":true,"href":"https:\/\/wp.ufpel.edu.br\/ifisp\/index.php?rest_route=%2Fwp%2Fv2%2Fcategories&post=1740"},{"taxonomy":"post_tag","embeddable":true,"href":"https:\/\/wp.ufpel.edu.br\/ifisp\/index.php?rest_route=%2Fwp%2Fv2%2Ftags&post=1740"}],"curies":[{"name":"wp","href":"https:\/\/api.w.org\/{rel}","templated":true}]}}