{"id":1673,"date":"2023-03-10T12:47:12","date_gmt":"2023-03-10T15:47:12","guid":{"rendered":"https:\/\/wp.ufpel.edu.br\/ifisp\/?p=1673"},"modified":"2023-03-10T12:47:12","modified_gmt":"2023-03-10T15:47:12","slug":"grupo-nietzsche-leitura-e-interpretacao-de-o-anticristo","status":"publish","type":"post","link":"https:\/\/wp.ufpel.edu.br\/ifisp\/?p=1673","title":{"rendered":"GRUPO NIETZSCHE: Leitura e Interpreta\u00e7\u00e3o de O Anticristo"},"content":{"rendered":"<p><a href=\"https:\/\/institucional.ufpel.edu.br\/projetos\/id\/u5603\">Grupo de Pesquisa em Nietzsche<\/a>, Departamento de Filosofia da UFPel, convida para a atividade de Leitura e Interpreta\u00e7\u00e3o de <em>O Anticristo.\u00a0<\/em>Os encontros ocorrer\u00e3o \u00e0s quintas-feiras, \u00e0s 16 horas, de 30 de mar\u00e7o a 14 de setembro de 2023.<\/p>\n<p><strong>Local<\/strong>: CEHUS, Sala 30<br \/>\n<strong>Datas<\/strong>: De 30 de mar\u00e7o a 14 de setembro de 2023 &#8211; quintas-feiras &#8211; 16h<\/p>\n<p><strong>Coordena\u00e7\u00e3o<\/strong>:<br \/>\nProf. Dr. Clademir Araldi<br \/>\nProf. Dr. Lu\u00eds Rubira<\/p>\n<p><a href=\"https:\/\/wp.ufpel.edu.br\/ifisp\/files\/2023\/03\/O-Anticristo.jpeg\"><img data-attachment-id=\"1674\" data-permalink=\"https:\/\/wp.ufpel.edu.br\/ifisp\/?attachment_id=1674\" data-orig-file=\"https:\/\/wp.ufpel.edu.br\/ifisp\/files\/2023\/03\/O-Anticristo.jpeg\" data-orig-size=\"524,754\" data-comments-opened=\"0\" data-image-meta=\"{&quot;aperture&quot;:&quot;0&quot;,&quot;credit&quot;:&quot;&quot;,&quot;camera&quot;:&quot;&quot;,&quot;caption&quot;:&quot;&quot;,&quot;created_timestamp&quot;:&quot;0&quot;,&quot;copyright&quot;:&quot;&quot;,&quot;focal_length&quot;:&quot;0&quot;,&quot;iso&quot;:&quot;0&quot;,&quot;shutter_speed&quot;:&quot;0&quot;,&quot;title&quot;:&quot;&quot;,&quot;orientation&quot;:&quot;0&quot;}\" data-image-title=\"O Anticristo\" data-image-description=\"\" data-image-caption=\"\" data-medium-file=\"https:\/\/wp.ufpel.edu.br\/ifisp\/files\/2023\/03\/O-Anticristo-278x400.jpeg\" data-large-file=\"https:\/\/wp.ufpel.edu.br\/ifisp\/files\/2023\/03\/O-Anticristo.jpeg\" class=\"aligncenter  wp-image-1674\" src=\"https:\/\/wp.ufpel.edu.br\/ifisp\/files\/2023\/03\/O-Anticristo.jpeg\" alt=\"\" width=\"364\" height=\"523\" srcset=\"https:\/\/wp.ufpel.edu.br\/ifisp\/files\/2023\/03\/O-Anticristo.jpeg 524w, https:\/\/wp.ufpel.edu.br\/ifisp\/files\/2023\/03\/O-Anticristo-278x400.jpeg 278w\" sizes=\"(max-width: 364px) 100vw, 364px\" \/><\/a><\/p>\n","protected":false},"excerpt":{"rendered":"<p>Grupo de Pesquisa em Nietzsche, Departamento de Filosofia da UFPel, convida para a atividade de Leitura e Interpreta\u00e7\u00e3o de O Anticristo.\u00a0Os encontros ocorrer\u00e3o \u00e0s quintas-feiras, \u00e0s 16 horas, de 30 de mar\u00e7o a 14 de setembro de 2023. Local: CEHUS, Sala 30 Datas: De 30 de mar\u00e7o a 14 de setembro de 2023 &#8211; quintas-feiras [&hellip;]<\/p>\n","protected":false},"author":1247,"featured_media":0,"comment_status":"closed","ping_status":"closed","sticky":false,"template":"","format":"standard","meta":{"advanced_seo_description":"","jetpack_seo_html_title":"","jetpack_seo_noindex":false,"jetpack_post_was_ever_published":false,"_jetpack_newsletter_access":"","_jetpack_dont_email_post_to_subs":false,"_jetpack_newsletter_tier_id":0,"_jetpack_memberships_contains_paywalled_content":false,"_jetpack_memberships_contains_paid_content":false,"footnotes":""},"categories":[22,38],"tags":[],"class_list":["post-1673","post","type-post","status-publish","format-standard","hentry","category-filosofia","category-pesquisa"],"jetpack_featured_media_url":"","jetpack_sharing_enabled":true,"_links":{"self":[{"href":"https:\/\/wp.ufpel.edu.br\/ifisp\/index.php?rest_route=\/wp\/v2\/posts\/1673","targetHints":{"allow":["GET"]}}],"collection":[{"href":"https:\/\/wp.ufpel.edu.br\/ifisp\/index.php?rest_route=\/wp\/v2\/posts"}],"about":[{"href":"https:\/\/wp.ufpel.edu.br\/ifisp\/index.php?rest_route=\/wp\/v2\/types\/post"}],"author":[{"embeddable":true,"href":"https:\/\/wp.ufpel.edu.br\/ifisp\/index.php?rest_route=\/wp\/v2\/users\/1247"}],"replies":[{"embeddable":true,"href":"https:\/\/wp.ufpel.edu.br\/ifisp\/index.php?rest_route=%2Fwp%2Fv2%2Fcomments&post=1673"}],"version-history":[{"count":2,"href":"https:\/\/wp.ufpel.edu.br\/ifisp\/index.php?rest_route=\/wp\/v2\/posts\/1673\/revisions"}],"predecessor-version":[{"id":1676,"href":"https:\/\/wp.ufpel.edu.br\/ifisp\/index.php?rest_route=\/wp\/v2\/posts\/1673\/revisions\/1676"}],"wp:attachment":[{"href":"https:\/\/wp.ufpel.edu.br\/ifisp\/index.php?rest_route=%2Fwp%2Fv2%2Fmedia&parent=1673"}],"wp:term":[{"taxonomy":"category","embeddable":true,"href":"https:\/\/wp.ufpel.edu.br\/ifisp\/index.php?rest_route=%2Fwp%2Fv2%2Fcategories&post=1673"},{"taxonomy":"post_tag","embeddable":true,"href":"https:\/\/wp.ufpel.edu.br\/ifisp\/index.php?rest_route=%2Fwp%2Fv2%2Ftags&post=1673"}],"curies":[{"name":"wp","href":"https:\/\/api.w.org\/{rel}","templated":true}]}}