{"id":1667,"date":"2023-03-09T18:13:58","date_gmt":"2023-03-09T21:13:58","guid":{"rendered":"https:\/\/wp.ufpel.edu.br\/ifisp\/?p=1667"},"modified":"2023-06-29T17:47:35","modified_gmt":"2023-06-29T20:47:35","slug":"registros-mesa-redonda-ifisp-mulheres","status":"publish","type":"post","link":"https:\/\/wp.ufpel.edu.br\/ifisp\/?p=1667","title":{"rendered":"Registros Mesa Redonda: IFISP MULHERES"},"content":{"rendered":"<p style=\"text-align: justify;\">No dia 8 de mar\u00e7o de 2023, em alus\u00e3o ao Dia Internacional das Mulheres, ocorreu a Mesa Redonda: IFISP MULHERES, que contou com a presen\u00e7a das Professoras S\u00f4nia Schio (Filosofia), Rosangela Schultz (Ci\u00eancia Pol\u00edtica), Silvana Schimanski (Rela\u00e7\u00f5es Internacionais) e Simone Ribeiro (Sociologia) e da TAE Gabriela Chaves (Secretariado). As participantes compartilharam suas viv\u00eancias enquanto mulheres dentro de suas \u00e1reas de atua\u00e7\u00e3o e conversaram com o p\u00fablico do IFISP sobre quest\u00f5es de g\u00eanero.<\/p>\n<p style=\"text-align: justify;\">A Mesa Redonda foi mais uma das atividades do Calend\u00e1rio de Integra\u00e7\u00e3o do IFISP, que visa aproximar as comunidades diversas do IFISP: docentes, discentes e t\u00e9cnicos; gradua\u00e7\u00e3o e p\u00f3s gradua\u00e7\u00e3o; Filosofia, Sociologia, Ci\u00eancia Pol\u00edtica e Rela\u00e7\u00f5es Internacionais.<\/p>\n<p><a href=\"https:\/\/wp.ufpel.edu.br\/ifisp\/files\/2023\/03\/8M-2.jpeg\"><img data-attachment-id=\"1668\" data-permalink=\"https:\/\/wp.ufpel.edu.br\/ifisp\/?attachment_id=1668\" data-orig-file=\"https:\/\/wp.ufpel.edu.br\/ifisp\/files\/2023\/03\/8M-2.jpeg\" data-orig-size=\"1032,774\" data-comments-opened=\"0\" data-image-meta=\"{&quot;aperture&quot;:&quot;0&quot;,&quot;credit&quot;:&quot;&quot;,&quot;camera&quot;:&quot;&quot;,&quot;caption&quot;:&quot;&quot;,&quot;created_timestamp&quot;:&quot;0&quot;,&quot;copyright&quot;:&quot;&quot;,&quot;focal_length&quot;:&quot;0&quot;,&quot;iso&quot;:&quot;0&quot;,&quot;shutter_speed&quot;:&quot;0&quot;,&quot;title&quot;:&quot;&quot;,&quot;orientation&quot;:&quot;0&quot;}\" data-image-title=\"8M 2\" data-image-description=\"\" data-image-caption=\"\" data-medium-file=\"https:\/\/wp.ufpel.edu.br\/ifisp\/files\/2023\/03\/8M-2-400x300.jpeg\" data-large-file=\"https:\/\/wp.ufpel.edu.br\/ifisp\/files\/2023\/03\/8M-2-1024x768.jpeg\" class=\"aligncenter wp-image-1668\" src=\"https:\/\/wp.ufpel.edu.br\/ifisp\/files\/2023\/03\/8M-2.jpeg\" alt=\"\" width=\"600\" height=\"450\" srcset=\"https:\/\/wp.ufpel.edu.br\/ifisp\/files\/2023\/03\/8M-2.jpeg 1032w, https:\/\/wp.ufpel.edu.br\/ifisp\/files\/2023\/03\/8M-2-400x300.jpeg 400w, https:\/\/wp.ufpel.edu.br\/ifisp\/files\/2023\/03\/8M-2-1024x768.jpeg 1024w, https:\/\/wp.ufpel.edu.br\/ifisp\/files\/2023\/03\/8M-2-768x576.jpeg 768w\" sizes=\"(max-width: 600px) 100vw, 600px\" \/><\/a><\/p>\n<p><a href=\"https:\/\/wp.ufpel.edu.br\/ifisp\/files\/2023\/03\/8M.jpg\"><img data-attachment-id=\"1669\" data-permalink=\"https:\/\/wp.ufpel.edu.br\/ifisp\/?attachment_id=1669\" data-orig-file=\"https:\/\/wp.ufpel.edu.br\/ifisp\/files\/2023\/03\/8M.jpg\" data-orig-size=\"1789,1342\" data-comments-opened=\"0\" data-image-meta=\"{&quot;aperture&quot;:&quot;3&quot;,&quot;credit&quot;:&quot;&quot;,&quot;camera&quot;:&quot;COOLPIX L820&quot;,&quot;caption&quot;:&quot;&quot;,&quot;created_timestamp&quot;:&quot;1678289240&quot;,&quot;copyright&quot;:&quot;&quot;,&quot;focal_length&quot;:&quot;4&quot;,&quot;iso&quot;:&quot;125&quot;,&quot;shutter_speed&quot;:&quot;0.016666666666667&quot;,&quot;title&quot;:&quot;&quot;,&quot;orientation&quot;:&quot;1&quot;}\" data-image-title=\"8M\" data-image-description=\"\" data-image-caption=\"\" data-medium-file=\"https:\/\/wp.ufpel.edu.br\/ifisp\/files\/2023\/03\/8M-400x300.jpg\" data-large-file=\"https:\/\/wp.ufpel.edu.br\/ifisp\/files\/2023\/03\/8M-1024x768.jpg\" class=\"aligncenter wp-image-1669\" src=\"https:\/\/wp.ufpel.edu.br\/ifisp\/files\/2023\/03\/8M.jpg\" alt=\"\" width=\"600\" height=\"450\" srcset=\"https:\/\/wp.ufpel.edu.br\/ifisp\/files\/2023\/03\/8M.jpg 1789w, https:\/\/wp.ufpel.edu.br\/ifisp\/files\/2023\/03\/8M-400x300.jpg 400w, https:\/\/wp.ufpel.edu.br\/ifisp\/files\/2023\/03\/8M-1024x768.jpg 1024w, https:\/\/wp.ufpel.edu.br\/ifisp\/files\/2023\/03\/8M-768x576.jpg 768w, https:\/\/wp.ufpel.edu.br\/ifisp\/files\/2023\/03\/8M-1536x1152.jpg 1536w\" sizes=\"(max-width: 600px) 100vw, 600px\" \/><\/a><\/p>\n","protected":false},"excerpt":{"rendered":"<p>No dia 8 de mar\u00e7o de 2023, em alus\u00e3o ao Dia Internacional das Mulheres, ocorreu a Mesa Redonda: IFISP MULHERES, que contou com a presen\u00e7a das Professoras S\u00f4nia Schio (Filosofia), Rosangela Schultz (Ci\u00eancia Pol\u00edtica), Silvana Schimanski (Rela\u00e7\u00f5es Internacionais) e Simone Ribeiro (Sociologia) e da TAE Gabriela Chaves (Secretariado). As participantes compartilharam suas viv\u00eancias enquanto mulheres [&hellip;]<\/p>\n","protected":false},"author":1247,"featured_media":0,"comment_status":"closed","ping_status":"closed","sticky":false,"template":"","format":"standard","meta":{"advanced_seo_description":"","jetpack_seo_html_title":"","jetpack_seo_noindex":false,"jetpack_post_was_ever_published":false,"_jetpack_newsletter_access":"","_jetpack_dont_email_post_to_subs":false,"_jetpack_newsletter_tier_id":0,"_jetpack_memberships_contains_paywalled_content":false,"_jetpack_memberships_contains_paid_content":false,"footnotes":""},"categories":[49,32,42,22,36,31],"tags":[],"class_list":["post-1667","post","type-post","status-publish","format-standard","hentry","category-calendario-integracao","category-ciencia-politica","category-eventos","category-filosofia","category-relacoes-internacionais","category-sociologia"],"jetpack_featured_media_url":"","jetpack_sharing_enabled":true,"_links":{"self":[{"href":"https:\/\/wp.ufpel.edu.br\/ifisp\/index.php?rest_route=\/wp\/v2\/posts\/1667","targetHints":{"allow":["GET"]}}],"collection":[{"href":"https:\/\/wp.ufpel.edu.br\/ifisp\/index.php?rest_route=\/wp\/v2\/posts"}],"about":[{"href":"https:\/\/wp.ufpel.edu.br\/ifisp\/index.php?rest_route=\/wp\/v2\/types\/post"}],"author":[{"embeddable":true,"href":"https:\/\/wp.ufpel.edu.br\/ifisp\/index.php?rest_route=\/wp\/v2\/users\/1247"}],"replies":[{"embeddable":true,"href":"https:\/\/wp.ufpel.edu.br\/ifisp\/index.php?rest_route=%2Fwp%2Fv2%2Fcomments&post=1667"}],"version-history":[{"count":2,"href":"https:\/\/wp.ufpel.edu.br\/ifisp\/index.php?rest_route=\/wp\/v2\/posts\/1667\/revisions"}],"predecessor-version":[{"id":1672,"href":"https:\/\/wp.ufpel.edu.br\/ifisp\/index.php?rest_route=\/wp\/v2\/posts\/1667\/revisions\/1672"}],"wp:attachment":[{"href":"https:\/\/wp.ufpel.edu.br\/ifisp\/index.php?rest_route=%2Fwp%2Fv2%2Fmedia&parent=1667"}],"wp:term":[{"taxonomy":"category","embeddable":true,"href":"https:\/\/wp.ufpel.edu.br\/ifisp\/index.php?rest_route=%2Fwp%2Fv2%2Fcategories&post=1667"},{"taxonomy":"post_tag","embeddable":true,"href":"https:\/\/wp.ufpel.edu.br\/ifisp\/index.php?rest_route=%2Fwp%2Fv2%2Ftags&post=1667"}],"curies":[{"name":"wp","href":"https:\/\/api.w.org\/{rel}","templated":true}]}}