{"id":1596,"date":"2023-02-16T14:45:38","date_gmt":"2023-02-16T17:45:38","guid":{"rendered":"https:\/\/wp.ufpel.edu.br\/ifisp\/?p=1596"},"modified":"2023-02-16T14:46:23","modified_gmt":"2023-02-16T17:46:23","slug":"pibid-edital-para-voluntarios-e-cadastro-reserva","status":"publish","type":"post","link":"https:\/\/wp.ufpel.edu.br\/ifisp\/?p=1596","title":{"rendered":"PIBID: edital para volunt\u00e1rios e cadastro reserva"},"content":{"rendered":"<p>Est\u00e1 aberto o edital para volunt\u00e1rios e cadastro reserva do PIBID &#8211; Programa Institucional de Bolsas de Inicia\u00e7\u00e3o \u00e0 Doc\u00eancia.<\/p>\n<p>Para os cursos de Licenciatura em Ci\u00eancias Sociais e Licenciatura em Filosofia ser\u00e3o ocupadas 04 vagas para volunt\u00e1rios de cada curso, e tamb\u00e9m formado o Cadastro Reserva.<\/p>\n<h4 style=\"text-align: center;\"><strong><a href=\"https:\/\/wp.ufpel.edu.br\/pre\/files\/2022\/10\/SEI_23110.037315_2022_84.pdf\">Edital &#8211; clique aqui<\/a><\/strong><\/h4>\n<h4 style=\"text-align: center;\"><strong><a href=\"https:\/\/docs.google.com\/forms\/d\/e\/1FAIpQLSfjLfLTItUxzHFEd8t5uAQfoOaVbUDToGj0UZxqDad2A8lSgg\/viewform\">Inscri\u00e7\u00f5es &#8211; clique aqui<\/a><\/strong><\/h4>\n<h4 style=\"text-align: center;\">CRONOGRAMA<\/h4>\n<table style=\"border-collapse: collapse; width: 100%;\" border=\"1\">\n<tbody>\n<tr style=\"height: 24px;\">\n<td style=\"width: 50%; height: 24px;\"><strong>Inscri\u00e7\u00f5es<\/strong><\/td>\n<td style=\"width: 50%; height: 24px;\">15\/02 a 03\/03\/2023<\/td>\n<\/tr>\n<tr style=\"height: 24px;\">\n<td style=\"width: 50%; height: 24px;\"><strong>Homologa\u00e7\u00e3o<\/strong><\/td>\n<td style=\"width: 50%; height: 24px;\">07\/03\/2023<\/td>\n<\/tr>\n<tr style=\"height: 24px;\">\n<td style=\"width: 50%; height: 24px;\"><strong>Entrevistas<\/strong><\/td>\n<td style=\"width: 50%; height: 24px;\">08\/03\/2023<\/td>\n<\/tr>\n<tr style=\"height: 24px;\">\n<td style=\"width: 50%; height: 24px;\"><strong>Resultado preliminar<\/strong><\/td>\n<td style=\"width: 50%; height: 24px;\">10\/03\/2023<\/td>\n<\/tr>\n<tr style=\"height: 24px;\">\n<td style=\"width: 50%; height: 24px;\"><strong>Recurso<\/strong><\/td>\n<td style=\"width: 50%; height: 24px;\">11 e 12\/03\/2023<\/td>\n<\/tr>\n<tr style=\"height: 24px;\">\n<td style=\"width: 50%; height: 24px;\"><strong>Resultado final<\/strong><\/td>\n<td style=\"width: 50%; height: 24px;\">13\/03\/2023<\/td>\n<\/tr>\n<tr style=\"height: 24px;\">\n<td style=\"width: 50%; height: 24px;\"><strong>Cadastro no sistema<\/strong><\/td>\n<td style=\"width: 50%; height: 24px;\">14\/03\/2023<\/td>\n<\/tr>\n<\/tbody>\n<\/table>\n<p>&nbsp;<\/p>\n","protected":false},"excerpt":{"rendered":"<p>Est\u00e1 aberto o edital para volunt\u00e1rios e cadastro reserva do PIBID &#8211; Programa Institucional de Bolsas de Inicia\u00e7\u00e3o \u00e0 Doc\u00eancia. Para os cursos de Licenciatura em Ci\u00eancias Sociais e Licenciatura em Filosofia ser\u00e3o ocupadas 04 vagas para volunt\u00e1rios de cada curso, e tamb\u00e9m formado o Cadastro Reserva. Edital &#8211; clique aqui Inscri\u00e7\u00f5es &#8211; clique aqui [&hellip;]<\/p>\n","protected":false},"author":1247,"featured_media":0,"comment_status":"closed","ping_status":"closed","sticky":false,"template":"","format":"standard","meta":{"advanced_seo_description":"","jetpack_seo_html_title":"","jetpack_seo_noindex":false,"jetpack_post_was_ever_published":false,"_jetpack_newsletter_access":"","_jetpack_dont_email_post_to_subs":false,"_jetpack_newsletter_tier_id":0,"_jetpack_memberships_contains_paywalled_content":false,"_jetpack_memberships_contains_paid_content":false,"footnotes":""},"categories":[35,44,22,51,50,31],"tags":[],"class_list":["post-1596","post","type-post","status-publish","format-standard","hentry","category-ciencias-sociais","category-editas","category-filosofia","category-licenciatura","category-pibid","category-sociologia"],"jetpack_featured_media_url":"","jetpack_sharing_enabled":true,"_links":{"self":[{"href":"https:\/\/wp.ufpel.edu.br\/ifisp\/index.php?rest_route=\/wp\/v2\/posts\/1596","targetHints":{"allow":["GET"]}}],"collection":[{"href":"https:\/\/wp.ufpel.edu.br\/ifisp\/index.php?rest_route=\/wp\/v2\/posts"}],"about":[{"href":"https:\/\/wp.ufpel.edu.br\/ifisp\/index.php?rest_route=\/wp\/v2\/types\/post"}],"author":[{"embeddable":true,"href":"https:\/\/wp.ufpel.edu.br\/ifisp\/index.php?rest_route=\/wp\/v2\/users\/1247"}],"replies":[{"embeddable":true,"href":"https:\/\/wp.ufpel.edu.br\/ifisp\/index.php?rest_route=%2Fwp%2Fv2%2Fcomments&post=1596"}],"version-history":[{"count":2,"href":"https:\/\/wp.ufpel.edu.br\/ifisp\/index.php?rest_route=\/wp\/v2\/posts\/1596\/revisions"}],"predecessor-version":[{"id":1598,"href":"https:\/\/wp.ufpel.edu.br\/ifisp\/index.php?rest_route=\/wp\/v2\/posts\/1596\/revisions\/1598"}],"wp:attachment":[{"href":"https:\/\/wp.ufpel.edu.br\/ifisp\/index.php?rest_route=%2Fwp%2Fv2%2Fmedia&parent=1596"}],"wp:term":[{"taxonomy":"category","embeddable":true,"href":"https:\/\/wp.ufpel.edu.br\/ifisp\/index.php?rest_route=%2Fwp%2Fv2%2Fcategories&post=1596"},{"taxonomy":"post_tag","embeddable":true,"href":"https:\/\/wp.ufpel.edu.br\/ifisp\/index.php?rest_route=%2Fwp%2Fv2%2Ftags&post=1596"}],"curies":[{"name":"wp","href":"https:\/\/api.w.org\/{rel}","templated":true}]}}