{"id":1399,"date":"2022-11-22T13:06:35","date_gmt":"2022-11-22T16:06:35","guid":{"rendered":"https:\/\/wp.ufpel.edu.br\/ifisp\/?p=1399"},"modified":"2022-11-22T13:07:18","modified_gmt":"2022-11-22T16:07:18","slug":"aula-inaugural-do-ppg-sociologia-2","status":"publish","type":"post","link":"https:\/\/wp.ufpel.edu.br\/ifisp\/?p=1399","title":{"rendered":"Aula Inaugural do PPG Sociologia\u00a0"},"content":{"rendered":"<h3 class=\"corTexto\" style=\"text-align: center;\">\u201cPresente no passado: a heran\u00e7a cl\u00e1ssica a partir da Am\u00e9rica-Latina\u201d<\/h3>\n<h4 class=\"corTexto\" style=\"text-align: center;\">Prof.\u00aa Raquel Weiss (UFRGS)<\/h4>\n<p>Convidamos todas e todos para a aula inaugural do Programa de P\u00f3s-Gradua\u00e7\u00e3o em Sociologia, com a professora Raquel Weiss (UFRGS). A Professora ministrar\u00e1 a aula intitulada \u201cPresente no passado: a heran\u00e7a cl\u00e1ssica a partir da Am\u00e9rica-Latina\u201d.<\/p>\n<p>A aula trata da ideia dos cl\u00e1ssicos enquanto ancestrais, como uma forma de renovar a rela\u00e7\u00e3o com o passado da sociologia, articulando a heran\u00e7a europeia ao lado de outras presen\u00e7as importantes para pensar uma sociologia latino-americana. Tal esfor\u00e7o oferece um caminho para articular g\u00eanero e ra\u00e7a no n\u00facleo da teoria social, com consequ\u00eancias para a concep\u00e7\u00e3o de sociologia e seus modos de operar.<\/p>\n<p><strong>Quando:<\/strong> quinta-feira, 1\u00ba de dezembro de 2022, 19h.<br \/>\n<strong>Onde:<\/strong> Mini audit\u00f3rio 1, CEHUS (Alberto Rosa, 117 \u2013 Pelotas\/RS)<\/p>\n<p><img data-attachment-id=\"1406\" data-permalink=\"https:\/\/wp.ufpel.edu.br\/ifisp\/?attachment_id=1406\" data-orig-file=\"https:\/\/wp.ufpel.edu.br\/ifisp\/files\/2022\/11\/Aula-inaugural-do-PPGS-\u2013-Profa.-Raquel-Weiss.png\" data-orig-size=\"416,592\" data-comments-opened=\"0\" data-image-meta=\"{&quot;aperture&quot;:&quot;0&quot;,&quot;credit&quot;:&quot;&quot;,&quot;camera&quot;:&quot;&quot;,&quot;caption&quot;:&quot;&quot;,&quot;created_timestamp&quot;:&quot;0&quot;,&quot;copyright&quot;:&quot;&quot;,&quot;focal_length&quot;:&quot;0&quot;,&quot;iso&quot;:&quot;0&quot;,&quot;shutter_speed&quot;:&quot;0&quot;,&quot;title&quot;:&quot;&quot;,&quot;orientation&quot;:&quot;0&quot;}\" data-image-title=\"Aula inaugural do PPGS \u2013 Profa. Raquel Weiss\" data-image-description=\"\" data-image-caption=\"\" data-medium-file=\"https:\/\/wp.ufpel.edu.br\/ifisp\/files\/2022\/11\/Aula-inaugural-do-PPGS-\u2013-Profa.-Raquel-Weiss-281x400.png\" data-large-file=\"https:\/\/wp.ufpel.edu.br\/ifisp\/files\/2022\/11\/Aula-inaugural-do-PPGS-\u2013-Profa.-Raquel-Weiss.png\" class=\" wp-image-1406 aligncenter\" src=\"https:\/\/wp.ufpel.edu.br\/ifisp\/files\/2022\/11\/Aula-inaugural-do-PPGS-\u2013-Profa.-Raquel-Weiss.png\" alt=\"\" width=\"206\" height=\"294\" srcset=\"https:\/\/wp.ufpel.edu.br\/ifisp\/files\/2022\/11\/Aula-inaugural-do-PPGS-\u2013-Profa.-Raquel-Weiss.png 416w, https:\/\/wp.ufpel.edu.br\/ifisp\/files\/2022\/11\/Aula-inaugural-do-PPGS-\u2013-Profa.-Raquel-Weiss-281x400.png 281w\" sizes=\"(max-width: 206px) 100vw, 206px\" \/><\/p>\n<p>Fonte: <a href=\"https:\/\/wp.ufpel.edu.br\/ppgs\/2022\/11\/20\/aula-inaugural-do-ppgs-profa-raquel-weiss-ufrgs-presente-no-passado-a-heranca-classica-a-partir-da-america-latina\/\">PPGS<\/a><\/p>\n","protected":false},"excerpt":{"rendered":"<p>\u201cPresente no passado: a heran\u00e7a cl\u00e1ssica a partir da Am\u00e9rica-Latina\u201d Prof.\u00aa Raquel Weiss (UFRGS) Convidamos todas e todos para a aula inaugural do Programa de P\u00f3s-Gradua\u00e7\u00e3o em Sociologia, com a professora Raquel Weiss (UFRGS). A Professora ministrar\u00e1 a aula intitulada \u201cPresente no passado: a heran\u00e7a cl\u00e1ssica a partir da Am\u00e9rica-Latina\u201d. A aula trata da ideia [&hellip;]<\/p>\n","protected":false},"author":1247,"featured_media":0,"comment_status":"closed","ping_status":"closed","sticky":false,"template":"","format":"standard","meta":{"advanced_seo_description":"","jetpack_seo_html_title":"","jetpack_seo_noindex":false,"jetpack_post_was_ever_published":false,"_jetpack_newsletter_access":"","_jetpack_dont_email_post_to_subs":false,"_jetpack_newsletter_tier_id":0,"_jetpack_memberships_contains_paywalled_content":false,"_jetpack_memberships_contains_paid_content":false,"footnotes":""},"categories":[37,42,31],"tags":[],"class_list":["post-1399","post","type-post","status-publish","format-standard","hentry","category-ensino","category-eventos","category-sociologia"],"jetpack_featured_media_url":"","jetpack_sharing_enabled":true,"_links":{"self":[{"href":"https:\/\/wp.ufpel.edu.br\/ifisp\/index.php?rest_route=\/wp\/v2\/posts\/1399","targetHints":{"allow":["GET"]}}],"collection":[{"href":"https:\/\/wp.ufpel.edu.br\/ifisp\/index.php?rest_route=\/wp\/v2\/posts"}],"about":[{"href":"https:\/\/wp.ufpel.edu.br\/ifisp\/index.php?rest_route=\/wp\/v2\/types\/post"}],"author":[{"embeddable":true,"href":"https:\/\/wp.ufpel.edu.br\/ifisp\/index.php?rest_route=\/wp\/v2\/users\/1247"}],"replies":[{"embeddable":true,"href":"https:\/\/wp.ufpel.edu.br\/ifisp\/index.php?rest_route=%2Fwp%2Fv2%2Fcomments&post=1399"}],"version-history":[{"count":7,"href":"https:\/\/wp.ufpel.edu.br\/ifisp\/index.php?rest_route=\/wp\/v2\/posts\/1399\/revisions"}],"predecessor-version":[{"id":1407,"href":"https:\/\/wp.ufpel.edu.br\/ifisp\/index.php?rest_route=\/wp\/v2\/posts\/1399\/revisions\/1407"}],"wp:attachment":[{"href":"https:\/\/wp.ufpel.edu.br\/ifisp\/index.php?rest_route=%2Fwp%2Fv2%2Fmedia&parent=1399"}],"wp:term":[{"taxonomy":"category","embeddable":true,"href":"https:\/\/wp.ufpel.edu.br\/ifisp\/index.php?rest_route=%2Fwp%2Fv2%2Fcategories&post=1399"},{"taxonomy":"post_tag","embeddable":true,"href":"https:\/\/wp.ufpel.edu.br\/ifisp\/index.php?rest_route=%2Fwp%2Fv2%2Ftags&post=1399"}],"curies":[{"name":"wp","href":"https:\/\/api.w.org\/{rel}","templated":true}]}}