{"id":950,"date":"2015-05-22T15:55:53","date_gmt":"2015-05-22T18:55:53","guid":{"rendered":"https:\/\/wp.ufpel.edu.br\/ich\/?p=950"},"modified":"2015-05-22T16:00:06","modified_gmt":"2015-05-22T19:00:06","slug":"nucleo-de-reforma-e-construcao-da-prinfra-visitara-ich-lobo-da-costa-para-avaliar-demandas","status":"publish","type":"post","link":"https:\/\/wp.ufpel.edu.br\/ich\/2015\/05\/22\/nucleo-de-reforma-e-construcao-da-prinfra-visitara-ich-lobo-da-costa-para-avaliar-demandas\/","title":{"rendered":"N\u00facleo de Reforma e Constru\u00e7\u00e3o da PRInfra visitar\u00e1 ICH Lobo da Costa para avaliar demandas"},"content":{"rendered":"<p style=\"text-align: left\"><a href=\"https:\/\/wp.ufpel.edu.br\/ich\/files\/2015\/05\/Canguru.jpg\"><img class=\" size-medium wp-image-951 aligncenter\" src=\"https:\/\/wp.ufpel.edu.br\/ich\/files\/2015\/05\/Canguru-424x204.jpg\" alt=\"Canguru\" width=\"424\" height=\"204\" srcset=\"https:\/\/wp.ufpel.edu.br\/ich\/files\/2015\/05\/Canguru-424x204.jpg 424w, https:\/\/wp.ufpel.edu.br\/ich\/files\/2015\/05\/Canguru-212x102.jpg 212w, https:\/\/wp.ufpel.edu.br\/ich\/files\/2015\/05\/Canguru.jpg 1280w\" sizes=\"(max-width: 424px) 100vw, 424px\" \/><\/a><\/p>\n<p style=\"text-align: left\">O respons\u00e1vel pelo N\u00facleo de Reforma e Constru\u00e7\u00e3o da Pr\u00f3-Reitoria Adjunta de Infraestrutura, Marcelo Batista Canteiro, visitar\u00e1 o pr\u00e9dio do ICH da Rua Lobo da Costa, 1877 para avaliar uma s\u00e9rie de demandas encaminhadas pela Dire\u00e7\u00e3o da unidade \u00e0quela Pr\u00f3-Reitoria.<\/p>\n<p>As demandas foram elencadas pelos servidores docentes em reuni\u00e3o com a Dire\u00e7\u00e3o da unidade, preocupados com a falta de condi\u00e7\u00f5es ideais de trabalho em alguns ambientes. Tamb\u00e9m \u00e9 motivo de preocupa\u00e7\u00e3o o atendimento de exig\u00eancias impostas pelo processo de reconhecimento dos cursos de Conserva\u00e7\u00e3o e Restauro e Museologia.<\/p>\n<p>Ap\u00f3s a visita, que ocorrer\u00e1 acompanhada pela Dire\u00e7\u00e3o, professores e t\u00e9cnicos do campus, ser\u00e3o avaliadas as medidas a serem tomadas para a melhoria na qualifica\u00e7\u00e3o do espa\u00e7o. A visita est\u00e1 agendada para ter\u00e7a-feira, 26\/05\/15, \u00e0s 10 H 30 min.<\/p>\n","protected":false},"excerpt":{"rendered":"<p>O respons\u00e1vel pelo N\u00facleo de Reforma e Constru\u00e7\u00e3o da Pr\u00f3-Reitoria Adjunta de Infraestrutura, Marcelo Batista Canteiro, visitar\u00e1 o pr\u00e9dio do ICH da Rua Lobo da Costa, 1877 para avaliar uma s\u00e9rie de demandas encaminhadas pela Dire\u00e7\u00e3o da unidade \u00e0quela Pr\u00f3-Reitoria. As demandas foram elencadas pelos servidores docentes em reuni\u00e3o com a Dire\u00e7\u00e3o da unidade, preocupados [&hellip;]<\/p>\n","protected":false},"author":332,"featured_media":951,"comment_status":"closed","ping_status":"closed","sticky":false,"template":"","format":"standard","meta":{"jetpack_post_was_ever_published":false,"_jetpack_newsletter_access":"","_jetpack_dont_email_post_to_subs":false,"_jetpack_newsletter_tier_id":0,"_jetpack_memberships_contains_paywalled_content":false,"_jetpack_memberships_contains_paid_content":false,"footnotes":"","jetpack_publicize_message":"","jetpack_publicize_feature_enabled":true,"jetpack_social_post_already_shared":true,"jetpack_social_options":{"image_generator_settings":{"template":"highway","default_image_id":0,"font":"","enabled":false},"version":2}},"categories":[86904,38747,4],"tags":[86910,86909],"class_list":["post-950","post","type-post","status-publish","format-standard","has-post-thumbnail","hentry","category-museologia-conservacao-e-restauro","category-noticias-da-direcao","category-noticias","tag-conservacao-e-restauro","tag-museologia"],"jetpack_publicize_connections":[],"jetpack_featured_media_url":"https:\/\/wp.ufpel.edu.br\/ich\/files\/2015\/05\/Canguru.jpg","jetpack_sharing_enabled":true,"jetpack_shortlink":"https:\/\/wp.me\/p5MuF3-fk","_links":{"self":[{"href":"https:\/\/wp.ufpel.edu.br\/ich\/wp-json\/wp\/v2\/posts\/950","targetHints":{"allow":["GET"]}}],"collection":[{"href":"https:\/\/wp.ufpel.edu.br\/ich\/wp-json\/wp\/v2\/posts"}],"about":[{"href":"https:\/\/wp.ufpel.edu.br\/ich\/wp-json\/wp\/v2\/types\/post"}],"author":[{"embeddable":true,"href":"https:\/\/wp.ufpel.edu.br\/ich\/wp-json\/wp\/v2\/users\/332"}],"replies":[{"embeddable":true,"href":"https:\/\/wp.ufpel.edu.br\/ich\/wp-json\/wp\/v2\/comments?post=950"}],"version-history":[{"count":2,"href":"https:\/\/wp.ufpel.edu.br\/ich\/wp-json\/wp\/v2\/posts\/950\/revisions"}],"predecessor-version":[{"id":954,"href":"https:\/\/wp.ufpel.edu.br\/ich\/wp-json\/wp\/v2\/posts\/950\/revisions\/954"}],"wp:featuredmedia":[{"embeddable":true,"href":"https:\/\/wp.ufpel.edu.br\/ich\/wp-json\/wp\/v2\/media\/951"}],"wp:attachment":[{"href":"https:\/\/wp.ufpel.edu.br\/ich\/wp-json\/wp\/v2\/media?parent=950"}],"wp:term":[{"taxonomy":"category","embeddable":true,"href":"https:\/\/wp.ufpel.edu.br\/ich\/wp-json\/wp\/v2\/categories?post=950"},{"taxonomy":"post_tag","embeddable":true,"href":"https:\/\/wp.ufpel.edu.br\/ich\/wp-json\/wp\/v2\/tags?post=950"}],"curies":[{"name":"wp","href":"https:\/\/api.w.org\/{rel}","templated":true}]}}