{"id":862,"date":"2015-05-06T17:50:28","date_gmt":"2015-05-06T20:50:28","guid":{"rendered":"https:\/\/wp.ufpel.edu.br\/ich\/?p=862"},"modified":"2015-05-07T01:34:30","modified_gmt":"2015-05-07T04:34:30","slug":"discentes-do-ppgant-da-ufpel-e-colaboradoras-do-lamina-participaram-dos-trabalhos-de-prospeccao-no-local-da-batalha-de-catalao","status":"publish","type":"post","link":"https:\/\/wp.ufpel.edu.br\/ich\/2015\/05\/06\/discentes-do-ppgant-da-ufpel-e-colaboradoras-do-lamina-participaram-dos-trabalhos-de-prospeccao-no-local-da-batalha-de-catalao\/","title":{"rendered":"Discentes do PPGAnt participaram dos trabalhos de prospec\u00e7\u00e3o no local da Batalha de Catal\u00e3o"},"content":{"rendered":"<div id=\"attachment_863\" style=\"width: 335px\" class=\"wp-caption aligncenter\"><a href=\"https:\/\/wp.ufpel.edu.br\/ich\/files\/2015\/05\/mapa-catalan.jpg\"><img aria-describedby=\"caption-attachment-863\" class=\"  wp-image-863\" src=\"https:\/\/wp.ufpel.edu.br\/ich\/files\/2015\/05\/mapa-catalan-424x315.jpg\" alt=\"\" width=\"325\" height=\"241\" srcset=\"https:\/\/wp.ufpel.edu.br\/ich\/files\/2015\/05\/mapa-catalan-424x315.jpg 424w, https:\/\/wp.ufpel.edu.br\/ich\/files\/2015\/05\/mapa-catalan-212x157.jpg 212w, https:\/\/wp.ufpel.edu.br\/ich\/files\/2015\/05\/mapa-catalan.jpg 1280w\" sizes=\"(max-width: 325px) 100vw, 325px\" \/><\/a><p id=\"caption-attachment-863\" class=\"wp-caption-text\">Mapa Catalan<\/p><\/div>\n<p style=\"text-align: justify\">\u00a0 \u00a0As conservadoras arqueol\u00f3gicas Susana dos Santos Dode e Taciane Silveira Souza, discentes do Mestrado em Antropologia e Arqueologia da UFPel e colaboradoras do Laborat\u00f3rio Multidisciplinar de Investiga\u00e7\u00e3o Arqueol\u00f3gica (L\u00c2MINA), participaram dos trabalhos de prospec\u00e7\u00e3o no local da Batalha de Catal\u00e3o, que ocorreu no Departamento de Artigas (Uruguay). Nesta batalha, que aconteceu no dia 4 de janeiro de 1817, o ex\u00e9rcito portugu\u00eas,\u00a0agindo no sul do Brasil, derrotou as for\u00e7as lideradas por Jos\u00e9 Artigas, que foi o l\u00edder da luta pela independ\u00eancia uruguaia.<\/p>\n<p style=\"text-align: justify\">\u00a0 \u00a0 \u00a0A prospec\u00e7\u00e3o foi um convite do Comando Geral do Ex\u00e9rcito do <em>Uruguay<\/em>, e contou com a participa\u00e7\u00e3o dos especialistas em estrat\u00e9gia militar da organiza\u00e7\u00e3o <em>Campos de Honor de Colonia del Sacramento<\/em> e da <em>Asociaci\u00f3n de Amigos de los Museos Militares.<\/em> Durante a pesquisa foram resgatados meia centena de artefatos met\u00e1licos. Os mesmos, depois de quase dois s\u00e9culos de enterramento, apresentavam estados diversos de deterioro. Por esta raz\u00e3o os integrantes do L\u00c2MINA tiveram que implementar uma serie de estrat\u00e9gias para a extra\u00e7\u00e3o, acondicionamento e transporte dos artefatos met\u00e1licos encontrados. As pe\u00e7as encontradas pertencem \u00e0s armas de fogo e armas brancas, a elementos de montaria e de acampamento. Depois dos trabalhos de conserva\u00e7\u00e3o curativa e de identifica\u00e7\u00e3o, os artefatos resgatados passaram a fazer parte dos museus regionais, de forma a garantir a extrovers\u00e3o deste patrim\u00f4nio nas comunidades locais.<\/p>\n<p style=\"text-align: justify\">\u00a0 \u00a0 \u00a0Deve-se destacar que esta campanha arqueol\u00f3gica foi a primeira a ser realizada neste local e forneceu importantes informa\u00e7\u00f5es sobre a log\u00edstica do conflito, assim como dos distintos atores sociais envolvidos.<\/p>\n<div id=\"attachment_865\" style=\"width: 335px\" class=\"wp-caption alignleft\"><a href=\"https:\/\/wp.ufpel.edu.br\/ich\/files\/2015\/05\/piezas.jpg\"><img aria-describedby=\"caption-attachment-865\" class=\"wp-image-865\" src=\"https:\/\/wp.ufpel.edu.br\/ich\/files\/2015\/05\/piezas-424x318.jpg\" alt=\"\" width=\"325\" height=\"243\" srcset=\"https:\/\/wp.ufpel.edu.br\/ich\/files\/2015\/05\/piezas-424x318.jpg 424w, https:\/\/wp.ufpel.edu.br\/ich\/files\/2015\/05\/piezas-212x159.jpg 212w, https:\/\/wp.ufpel.edu.br\/ich\/files\/2015\/05\/piezas.jpg 639w\" sizes=\"(max-width: 325px) 100vw, 325px\" \/><\/a><p id=\"caption-attachment-865\" class=\"wp-caption-text\">Pe\u00e7as<\/p><\/div>\n<div id=\"attachment_866\" style=\"width: 333px\" class=\"wp-caption alignleft\"><img aria-describedby=\"caption-attachment-866\" class=\"  wp-image-866\" src=\"https:\/\/wp.ufpel.edu.br\/ich\/files\/2015\/05\/SanPedroPomoPistolaCaballeria1753Blog-394x318.jpg\" alt=\"\" width=\"323\" height=\"261\" srcset=\"https:\/\/wp.ufpel.edu.br\/ich\/files\/2015\/05\/SanPedroPomoPistolaCaballeria1753Blog-394x318.jpg 394w, https:\/\/wp.ufpel.edu.br\/ich\/files\/2015\/05\/SanPedroPomoPistolaCaballeria1753Blog-197x159.jpg 197w, https:\/\/wp.ufpel.edu.br\/ich\/files\/2015\/05\/SanPedroPomoPistolaCaballeria1753Blog.jpg 768w\" sizes=\"(max-width: 323px) 100vw, 323px\" \/><p id=\"caption-attachment-866\" class=\"wp-caption-text\">San Pedro Pomo Pistola Caballeria<\/p><\/div>\n<p>&nbsp;<\/p>\n<div id=\"attachment_867\" style=\"width: 434px\" class=\"wp-caption aligncenter\"><a href=\"https:\/\/wp.ufpel.edu.br\/ich\/files\/2015\/05\/susana-y-taciane-campo-de-batalla.jpg\"><img aria-describedby=\"caption-attachment-867\" class=\"wp-image-867 size-medium\" src=\"https:\/\/wp.ufpel.edu.br\/ich\/files\/2015\/05\/susana-y-taciane-campo-de-batalla-424x318.jpg\" alt=\"\" width=\"424\" height=\"318\" srcset=\"https:\/\/wp.ufpel.edu.br\/ich\/files\/2015\/05\/susana-y-taciane-campo-de-batalla-424x318.jpg 424w, https:\/\/wp.ufpel.edu.br\/ich\/files\/2015\/05\/susana-y-taciane-campo-de-batalla-212x159.jpg 212w, https:\/\/wp.ufpel.edu.br\/ich\/files\/2015\/05\/susana-y-taciane-campo-de-batalla.jpg 639w\" sizes=\"(max-width: 424px) 100vw, 424px\" \/><\/a><p id=\"caption-attachment-867\" class=\"wp-caption-text\">Susana e Taciane no local do campo de batalha<\/p><\/div>\n<p>&nbsp;<\/p>\n<div id=\"attachment_864\" style=\"width: 366px\" class=\"wp-caption alignleft\"><a href=\"https:\/\/wp.ufpel.edu.br\/ich\/files\/2015\/05\/MONEDAS.jpg\"><img aria-describedby=\"caption-attachment-864\" class=\"  wp-image-864\" src=\"https:\/\/wp.ufpel.edu.br\/ich\/files\/2015\/05\/MONEDAS-424x194.jpg\" alt=\"\" width=\"356\" height=\"163\" srcset=\"https:\/\/wp.ufpel.edu.br\/ich\/files\/2015\/05\/MONEDAS-424x194.jpg 424w, https:\/\/wp.ufpel.edu.br\/ich\/files\/2015\/05\/MONEDAS-212x97.jpg 212w, https:\/\/wp.ufpel.edu.br\/ich\/files\/2015\/05\/MONEDAS.jpg 519w\" sizes=\"(max-width: 356px) 100vw, 356px\" \/><\/a><p id=\"caption-attachment-864\" class=\"wp-caption-text\">Monedas<\/p><\/div>\n<div id=\"attachment_868\" style=\"width: 370px\" class=\"wp-caption alignleft\"><a href=\"https:\/\/wp.ufpel.edu.br\/ich\/files\/2015\/05\/vista-con-nubes.jpg\"><img aria-describedby=\"caption-attachment-868\" class=\"  wp-image-868\" src=\"https:\/\/wp.ufpel.edu.br\/ich\/files\/2015\/05\/vista-con-nubes-424x304.jpg\" alt=\"\" width=\"360\" height=\"259\" srcset=\"https:\/\/wp.ufpel.edu.br\/ich\/files\/2015\/05\/vista-con-nubes-424x304.jpg 424w, https:\/\/wp.ufpel.edu.br\/ich\/files\/2015\/05\/vista-con-nubes-212x152.jpg 212w\" sizes=\"(max-width: 360px) 100vw, 360px\" \/><\/a><p id=\"caption-attachment-868\" class=\"wp-caption-text\">Vista con nubes<\/p><\/div>\n","protected":false},"excerpt":{"rendered":"<p>\u00a0 \u00a0As conservadoras arqueol\u00f3gicas Susana dos Santos Dode e Taciane Silveira Souza, discentes do Mestrado em Antropologia e Arqueologia da UFPel e colaboradoras do Laborat\u00f3rio Multidisciplinar de Investiga\u00e7\u00e3o Arqueol\u00f3gica (L\u00c2MINA), participaram dos trabalhos de prospec\u00e7\u00e3o no local da Batalha de Catal\u00e3o, que ocorreu no Departamento de Artigas (Uruguay). Nesta batalha, que aconteceu no dia 4 [&hellip;]<\/p>\n","protected":false},"author":332,"featured_media":865,"comment_status":"closed","ping_status":"closed","sticky":false,"template":"","format":"standard","meta":{"jetpack_post_was_ever_published":false,"_jetpack_newsletter_access":"","_jetpack_dont_email_post_to_subs":false,"_jetpack_newsletter_tier_id":0,"_jetpack_memberships_contains_paywalled_content":false,"_jetpack_memberships_contains_paid_content":false,"footnotes":"","jetpack_publicize_message":"","jetpack_publicize_feature_enabled":true,"jetpack_social_post_already_shared":true,"jetpack_social_options":{"image_generator_settings":{"template":"highway","default_image_id":0,"font":"","enabled":false},"version":2}},"categories":[38749,4],"tags":[86911],"class_list":["post-862","post","type-post","status-publish","format-standard","has-post-thumbnail","hentry","category-antropologia-e-arqueologia","category-noticias","tag-antropologia-e-arqueologia"],"jetpack_publicize_connections":[],"jetpack_featured_media_url":"https:\/\/wp.ufpel.edu.br\/ich\/files\/2015\/05\/piezas.jpg","jetpack_sharing_enabled":true,"jetpack_shortlink":"https:\/\/wp.me\/p5MuF3-dU","_links":{"self":[{"href":"https:\/\/wp.ufpel.edu.br\/ich\/wp-json\/wp\/v2\/posts\/862","targetHints":{"allow":["GET"]}}],"collection":[{"href":"https:\/\/wp.ufpel.edu.br\/ich\/wp-json\/wp\/v2\/posts"}],"about":[{"href":"https:\/\/wp.ufpel.edu.br\/ich\/wp-json\/wp\/v2\/types\/post"}],"author":[{"embeddable":true,"href":"https:\/\/wp.ufpel.edu.br\/ich\/wp-json\/wp\/v2\/users\/332"}],"replies":[{"embeddable":true,"href":"https:\/\/wp.ufpel.edu.br\/ich\/wp-json\/wp\/v2\/comments?post=862"}],"version-history":[{"count":11,"href":"https:\/\/wp.ufpel.edu.br\/ich\/wp-json\/wp\/v2\/posts\/862\/revisions"}],"predecessor-version":[{"id":906,"href":"https:\/\/wp.ufpel.edu.br\/ich\/wp-json\/wp\/v2\/posts\/862\/revisions\/906"}],"wp:featuredmedia":[{"embeddable":true,"href":"https:\/\/wp.ufpel.edu.br\/ich\/wp-json\/wp\/v2\/media\/865"}],"wp:attachment":[{"href":"https:\/\/wp.ufpel.edu.br\/ich\/wp-json\/wp\/v2\/media?parent=862"}],"wp:term":[{"taxonomy":"category","embeddable":true,"href":"https:\/\/wp.ufpel.edu.br\/ich\/wp-json\/wp\/v2\/categories?post=862"},{"taxonomy":"post_tag","embeddable":true,"href":"https:\/\/wp.ufpel.edu.br\/ich\/wp-json\/wp\/v2\/tags?post=862"}],"curies":[{"name":"wp","href":"https:\/\/api.w.org\/{rel}","templated":true}]}}