{"id":845,"date":"2015-05-04T13:49:11","date_gmt":"2015-05-04T16:49:11","guid":{"rendered":"https:\/\/wp.ufpel.edu.br\/ich\/?p=845"},"modified":"2015-05-04T13:49:11","modified_gmt":"2015-05-04T16:49:11","slug":"programacao-da-13a-semana-nacional-de-museus","status":"publish","type":"post","link":"https:\/\/wp.ufpel.edu.br\/ich\/2015\/05\/04\/programacao-da-13a-semana-nacional-de-museus\/","title":{"rendered":"Programa\u00e7\u00e3o da 13\u00aa Semana Nacional de Museus"},"content":{"rendered":"<p>De 18 a 24 de maio de 2015 se realizar\u00e1 a 13\u00aa edi\u00e7\u00e3o da Semana de Museus. O tema do evento ser\u00e1: Museus para uma Sociedade Sustent\u00e1vel.<\/p>\n<p>A programa\u00e7\u00e3o completa pode ser acessada no Folder a seguir.<\/p>\n<p><a href=\"https:\/\/wp.ufpel.edu.br\/ich\/files\/2015\/05\/Folder-parte-externa-final-13-sem-Museus.pdf\">Folder parte externa &#8211; final 13 sem Museus<\/a><\/p>\n<p><a href=\"https:\/\/wp.ufpel.edu.br\/ich\/files\/2015\/05\/Folder-parte-interna-final-13-sem-Museu.pdf\">Folder parte interna &#8211; final 13 sem Museu<\/a><\/p>\n","protected":false},"excerpt":{"rendered":"<p>De 18 a 24 de maio de 2015 se realizar\u00e1 a 13\u00aa edi\u00e7\u00e3o da Semana de Museus. O tema do evento ser\u00e1: Museus para uma Sociedade Sustent\u00e1vel. A programa\u00e7\u00e3o completa pode ser acessada no Folder a seguir. Folder parte externa &#8211; final 13 sem Museus Folder parte interna &#8211; final 13 sem Museu<\/p>\n","protected":false},"author":332,"featured_media":4,"comment_status":"closed","ping_status":"closed","sticky":false,"template":"","format":"standard","meta":{"jetpack_post_was_ever_published":false,"_jetpack_newsletter_access":"","_jetpack_dont_email_post_to_subs":false,"_jetpack_newsletter_tier_id":0,"_jetpack_memberships_contains_paywalled_content":false,"_jetpack_memberships_contains_paid_content":false,"footnotes":"","jetpack_publicize_message":"","jetpack_publicize_feature_enabled":true,"jetpack_social_post_already_shared":true,"jetpack_social_options":{"image_generator_settings":{"template":"highway","default_image_id":0,"font":"","enabled":false},"version":2}},"categories":[86904,4],"tags":[86909],"class_list":["post-845","post","type-post","status-publish","format-standard","has-post-thumbnail","hentry","category-museologia-conservacao-e-restauro","category-noticias","tag-museologia"],"jetpack_publicize_connections":[],"jetpack_featured_media_url":"https:\/\/wp.ufpel.edu.br\/ich\/files\/2013\/12\/logo.jpg","jetpack_sharing_enabled":true,"jetpack_shortlink":"https:\/\/wp.me\/p5MuF3-dD","_links":{"self":[{"href":"https:\/\/wp.ufpel.edu.br\/ich\/wp-json\/wp\/v2\/posts\/845","targetHints":{"allow":["GET"]}}],"collection":[{"href":"https:\/\/wp.ufpel.edu.br\/ich\/wp-json\/wp\/v2\/posts"}],"about":[{"href":"https:\/\/wp.ufpel.edu.br\/ich\/wp-json\/wp\/v2\/types\/post"}],"author":[{"embeddable":true,"href":"https:\/\/wp.ufpel.edu.br\/ich\/wp-json\/wp\/v2\/users\/332"}],"replies":[{"embeddable":true,"href":"https:\/\/wp.ufpel.edu.br\/ich\/wp-json\/wp\/v2\/comments?post=845"}],"version-history":[{"count":1,"href":"https:\/\/wp.ufpel.edu.br\/ich\/wp-json\/wp\/v2\/posts\/845\/revisions"}],"predecessor-version":[{"id":848,"href":"https:\/\/wp.ufpel.edu.br\/ich\/wp-json\/wp\/v2\/posts\/845\/revisions\/848"}],"wp:featuredmedia":[{"embeddable":true,"href":"https:\/\/wp.ufpel.edu.br\/ich\/wp-json\/wp\/v2\/media\/4"}],"wp:attachment":[{"href":"https:\/\/wp.ufpel.edu.br\/ich\/wp-json\/wp\/v2\/media?parent=845"}],"wp:term":[{"taxonomy":"category","embeddable":true,"href":"https:\/\/wp.ufpel.edu.br\/ich\/wp-json\/wp\/v2\/categories?post=845"},{"taxonomy":"post_tag","embeddable":true,"href":"https:\/\/wp.ufpel.edu.br\/ich\/wp-json\/wp\/v2\/tags?post=845"}],"curies":[{"name":"wp","href":"https:\/\/api.w.org\/{rel}","templated":true}]}}