{"id":825,"date":"2015-04-27T08:54:05","date_gmt":"2015-04-27T11:54:05","guid":{"rendered":"https:\/\/wp.ufpel.edu.br\/ich\/?p=825"},"modified":"2015-04-27T08:55:28","modified_gmt":"2015-04-27T11:55:28","slug":"825","status":"publish","type":"post","link":"https:\/\/wp.ufpel.edu.br\/ich\/2015\/04\/27\/825\/","title":{"rendered":"ICH prop\u00f5e restauro da imagem de Iemanj\u00e1"},"content":{"rendered":"<p style=\"text-align: center\"><a href=\"https:\/\/wp.ufpel.edu.br\/ich\/files\/2015\/04\/Iemanja.jpg\"><img class=\"alignnone size-full wp-image-826\" src=\"https:\/\/wp.ufpel.edu.br\/ich\/files\/2015\/04\/Iemanja.jpg\" alt=\"Iemanja\" width=\"223\" height=\"299\" srcset=\"https:\/\/wp.ufpel.edu.br\/ich\/files\/2015\/04\/Iemanja.jpg 223w, https:\/\/wp.ufpel.edu.br\/ich\/files\/2015\/04\/Iemanja-119x159.jpg 119w\" sizes=\"(max-width: 223px) 100vw, 223px\" \/><\/a><\/p>\n<p>Sensibilizados com a destrui\u00e7\u00e3o sofrida pela imagem de Iemanj\u00e1, professores do Curso de Conserva\u00e7\u00e3o e Restaura\u00e7\u00e3o levaram \u00e0 Federa\u00e7\u00e3o Sul Rio-grandense de Umbanda e Cultos Afro-brasileiros a proposta de restaura\u00e7\u00e3o da obra.<\/p>\n<p>Al\u00e9m do evidente valor de culto para as religi\u00f5es afro-brasileira, esta imagem de Iemanj\u00e1 representa um not\u00e1vel sincretismo religioso que se manifesta em Pelotas nas festas de Iemanj\u00e1, quando ocorre e encontro do orix\u00e1 com Nossa Senhora dos Navegantes na Lagoa dos Patos.<\/p>\n<p>O interesse na recupera\u00e7\u00e3o e preserva\u00e7\u00e3o da escultura tamb\u00e9m justifica-se por ter sido feita Judith Bacci, a escultora autodidata negra pelotense que iniciou sua carreira de artista como zeladora na antiga Escola de Belas Artes.<\/p>\n<p>A restaura\u00e7\u00e3o da imagem \u00e9 um trabalho complexo e exige a realiza\u00e7\u00e3o de pesquisa e aplica\u00e7\u00e3o de crit\u00e9rios e procedimentos t\u00e9cnicos cient\u00edficos adequados, e envolver\u00e1 uma equipe multidisciplinar formada por professores, t\u00e9cnicos em restaura\u00e7\u00e3o e alunos de v\u00e1rias \u00e1reas do Instituto de Ci\u00eancias Humanas.<\/p>\n<p>Professores e t\u00e9cnicos da conserva\u00e7\u00e3o e restaura\u00e7\u00e3o realizaram uma primeira an\u00e1lise para identificar o estado da obra no dia 25 de abril.<\/p>\n","protected":false},"excerpt":{"rendered":"<p>Sensibilizados com a destrui\u00e7\u00e3o sofrida pela imagem de Iemanj\u00e1, professores do Curso de Conserva\u00e7\u00e3o e Restaura\u00e7\u00e3o levaram \u00e0 Federa\u00e7\u00e3o Sul Rio-grandense de Umbanda e Cultos Afro-brasileiros a proposta de restaura\u00e7\u00e3o da obra. Al\u00e9m do evidente valor de culto para as religi\u00f5es afro-brasileira, esta imagem de Iemanj\u00e1 representa um not\u00e1vel sincretismo religioso que se manifesta em [&hellip;]<\/p>\n","protected":false},"author":332,"featured_media":826,"comment_status":"closed","ping_status":"closed","sticky":false,"template":"","format":"standard","meta":{"jetpack_post_was_ever_published":false,"_jetpack_newsletter_access":"","_jetpack_dont_email_post_to_subs":false,"_jetpack_newsletter_tier_id":0,"_jetpack_memberships_contains_paywalled_content":false,"_jetpack_memberships_contains_paid_content":false,"footnotes":"","jetpack_publicize_message":"","jetpack_publicize_feature_enabled":true,"jetpack_social_post_already_shared":true,"jetpack_social_options":{"image_generator_settings":{"template":"highway","default_image_id":0,"font":"","enabled":false},"version":2}},"categories":[38749,4],"tags":[86911],"class_list":["post-825","post","type-post","status-publish","format-standard","has-post-thumbnail","hentry","category-antropologia-e-arqueologia","category-noticias","tag-antropologia-e-arqueologia"],"jetpack_publicize_connections":[],"jetpack_featured_media_url":"https:\/\/wp.ufpel.edu.br\/ich\/files\/2015\/04\/Iemanja.jpg","jetpack_sharing_enabled":true,"jetpack_shortlink":"https:\/\/wp.me\/s5MuF3-825","_links":{"self":[{"href":"https:\/\/wp.ufpel.edu.br\/ich\/wp-json\/wp\/v2\/posts\/825","targetHints":{"allow":["GET"]}}],"collection":[{"href":"https:\/\/wp.ufpel.edu.br\/ich\/wp-json\/wp\/v2\/posts"}],"about":[{"href":"https:\/\/wp.ufpel.edu.br\/ich\/wp-json\/wp\/v2\/types\/post"}],"author":[{"embeddable":true,"href":"https:\/\/wp.ufpel.edu.br\/ich\/wp-json\/wp\/v2\/users\/332"}],"replies":[{"embeddable":true,"href":"https:\/\/wp.ufpel.edu.br\/ich\/wp-json\/wp\/v2\/comments?post=825"}],"version-history":[{"count":3,"href":"https:\/\/wp.ufpel.edu.br\/ich\/wp-json\/wp\/v2\/posts\/825\/revisions"}],"predecessor-version":[{"id":829,"href":"https:\/\/wp.ufpel.edu.br\/ich\/wp-json\/wp\/v2\/posts\/825\/revisions\/829"}],"wp:featuredmedia":[{"embeddable":true,"href":"https:\/\/wp.ufpel.edu.br\/ich\/wp-json\/wp\/v2\/media\/826"}],"wp:attachment":[{"href":"https:\/\/wp.ufpel.edu.br\/ich\/wp-json\/wp\/v2\/media?parent=825"}],"wp:term":[{"taxonomy":"category","embeddable":true,"href":"https:\/\/wp.ufpel.edu.br\/ich\/wp-json\/wp\/v2\/categories?post=825"},{"taxonomy":"post_tag","embeddable":true,"href":"https:\/\/wp.ufpel.edu.br\/ich\/wp-json\/wp\/v2\/tags?post=825"}],"curies":[{"name":"wp","href":"https:\/\/api.w.org\/{rel}","templated":true}]}}