{"id":820,"date":"2015-04-24T11:24:10","date_gmt":"2015-04-24T14:24:10","guid":{"rendered":"https:\/\/wp.ufpel.edu.br\/ich\/?p=820"},"modified":"2015-04-24T11:24:10","modified_gmt":"2015-04-24T14:24:10","slug":"cd-do-ich-demonstra-preocupacao-com-destruicao-da-imagem-de-yemanja","status":"publish","type":"post","link":"https:\/\/wp.ufpel.edu.br\/ich\/2015\/04\/24\/cd-do-ich-demonstra-preocupacao-com-destruicao-da-imagem-de-yemanja\/","title":{"rendered":"CD do ICH demonstra preocupa\u00e7\u00e3o com destrui\u00e7\u00e3o da imagem de Yemanj\u00e1"},"content":{"rendered":"<p style=\"text-align: center\"><a href=\"https:\/\/wp.ufpel.edu.br\/ich\/files\/2015\/04\/Iemanja_DP.jpg\"><img class=\"alignnone size-medium wp-image-821\" src=\"https:\/\/wp.ufpel.edu.br\/ich\/files\/2015\/04\/Iemanja_DP-238x318.jpg\" alt=\"Iemanja_DP\" width=\"238\" height=\"318\" srcset=\"https:\/\/wp.ufpel.edu.br\/ich\/files\/2015\/04\/Iemanja_DP-238x318.jpg 238w, https:\/\/wp.ufpel.edu.br\/ich\/files\/2015\/04\/Iemanja_DP-119x159.jpg 119w, https:\/\/wp.ufpel.edu.br\/ich\/files\/2015\/04\/Iemanja_DP.jpg 700w\" sizes=\"(max-width: 238px) 100vw, 238px\" \/><\/a><\/p>\n<p>O Conselho Departamental do Instituto de Ci\u00eancias Humanas aprovou na reuni\u00e3o do dia 22\/04\/15 uma mo\u00e7\u00e3o que indica apreens\u00e3o relativa \u00e0 amea\u00e7a da livre express\u00e3o da comunidade que congrega a cosmovis\u00e3o afro-brasileira, popularmente conhecida como seguidores das religi\u00f5es de origem africana (Umbanda, Quimbanda e Na\u00e7\u00e3o). Identifica-se que em Pelotas h\u00e1 um hist\u00f3rico recente de a\u00e7\u00f5es contr\u00e1rias \u00e0s pr\u00e1ticas e aos praticantes destas tradi\u00e7\u00f5es religiosas e o ato mais recente foi o inc\u00eandio ocorrido na Imagem de Yemanja, localizada na gruta no Balne\u00e1rio dos Prazeres (Barro Duro). A gruta e a imagem da orix\u00e1 foram incendiadas na noite de ter\u00e7a-feira (07\/04\/15). A imagem foi encontrada totalmente queimada e ainda se espera por esclarecimentos sobre as circunst\u00e2ncias do ocorrido. O ICH reconhece a import\u00e2ncia religiosa e simb\u00f3lica da Imagem de Yemanja como patrim\u00f4nio material do Povo Brasileiro, e os representantes do Conselho Departamental do ICH demonstraram preocupa\u00e7\u00e3o com o fato e solicitam uma ampla investiga\u00e7\u00e3o policial para verificar os acontecimentos que levaram ao inc\u00eandio da referida est\u00e1tua.<\/p>\n<p>&nbsp;<\/p>\n<p>Foto de Michely Eslab\u00e3o. Fonte:\u00a0http:\/\/www.diariopopular.com.br\/index.php?n_sistema=3056&amp;id_noticia=OTc2Mzc=&amp;id_area=Nw==<\/p>\n","protected":false},"excerpt":{"rendered":"<p>O Conselho Departamental do Instituto de Ci\u00eancias Humanas aprovou na reuni\u00e3o do dia 22\/04\/15 uma mo\u00e7\u00e3o que indica apreens\u00e3o relativa \u00e0 amea\u00e7a da livre express\u00e3o da comunidade que congrega a cosmovis\u00e3o afro-brasileira, popularmente conhecida como seguidores das religi\u00f5es de origem africana (Umbanda, Quimbanda e Na\u00e7\u00e3o). Identifica-se que em Pelotas h\u00e1 um hist\u00f3rico recente de a\u00e7\u00f5es [&hellip;]<\/p>\n","protected":false},"author":332,"featured_media":821,"comment_status":"closed","ping_status":"closed","sticky":false,"template":"","format":"standard","meta":{"jetpack_post_was_ever_published":false,"_jetpack_newsletter_access":"","_jetpack_dont_email_post_to_subs":false,"_jetpack_newsletter_tier_id":0,"_jetpack_memberships_contains_paywalled_content":false,"_jetpack_memberships_contains_paid_content":false,"footnotes":"","jetpack_publicize_message":"","jetpack_publicize_feature_enabled":true,"jetpack_social_post_already_shared":true,"jetpack_social_options":{"image_generator_settings":{"template":"highway","default_image_id":0,"font":"","enabled":false},"version":2}},"categories":[38749,38747,4],"tags":[38748],"class_list":["post-820","post","type-post","status-publish","format-standard","has-post-thumbnail","hentry","category-antropologia-e-arqueologia","category-noticias-da-direcao","category-noticias","tag-direcao"],"jetpack_publicize_connections":[],"jetpack_featured_media_url":"https:\/\/wp.ufpel.edu.br\/ich\/files\/2015\/04\/Iemanja_DP.jpg","jetpack_sharing_enabled":true,"jetpack_shortlink":"https:\/\/wp.me\/p5MuF3-de","_links":{"self":[{"href":"https:\/\/wp.ufpel.edu.br\/ich\/wp-json\/wp\/v2\/posts\/820","targetHints":{"allow":["GET"]}}],"collection":[{"href":"https:\/\/wp.ufpel.edu.br\/ich\/wp-json\/wp\/v2\/posts"}],"about":[{"href":"https:\/\/wp.ufpel.edu.br\/ich\/wp-json\/wp\/v2\/types\/post"}],"author":[{"embeddable":true,"href":"https:\/\/wp.ufpel.edu.br\/ich\/wp-json\/wp\/v2\/users\/332"}],"replies":[{"embeddable":true,"href":"https:\/\/wp.ufpel.edu.br\/ich\/wp-json\/wp\/v2\/comments?post=820"}],"version-history":[{"count":1,"href":"https:\/\/wp.ufpel.edu.br\/ich\/wp-json\/wp\/v2\/posts\/820\/revisions"}],"predecessor-version":[{"id":822,"href":"https:\/\/wp.ufpel.edu.br\/ich\/wp-json\/wp\/v2\/posts\/820\/revisions\/822"}],"wp:featuredmedia":[{"embeddable":true,"href":"https:\/\/wp.ufpel.edu.br\/ich\/wp-json\/wp\/v2\/media\/821"}],"wp:attachment":[{"href":"https:\/\/wp.ufpel.edu.br\/ich\/wp-json\/wp\/v2\/media?parent=820"}],"wp:term":[{"taxonomy":"category","embeddable":true,"href":"https:\/\/wp.ufpel.edu.br\/ich\/wp-json\/wp\/v2\/categories?post=820"},{"taxonomy":"post_tag","embeddable":true,"href":"https:\/\/wp.ufpel.edu.br\/ich\/wp-json\/wp\/v2\/tags?post=820"}],"curies":[{"name":"wp","href":"https:\/\/api.w.org\/{rel}","templated":true}]}}