{"id":804,"date":"2015-04-17T18:17:27","date_gmt":"2015-04-17T21:17:27","guid":{"rendered":"https:\/\/wp.ufpel.edu.br\/ich\/?p=804"},"modified":"2015-04-24T11:31:41","modified_gmt":"2015-04-24T14:31:41","slug":"mestrado-em-antropologia-realiza-visita-tecnica-ao-museu-historico-farroupilha-de-piratini","status":"publish","type":"post","link":"https:\/\/wp.ufpel.edu.br\/ich\/2015\/04\/17\/mestrado-em-antropologia-realiza-visita-tecnica-ao-museu-historico-farroupilha-de-piratini\/","title":{"rendered":"Mestrado em Antropologia realiza visita t\u00e9cnica ao Museu Hist\u00f3rico Farroupilha de Piratini"},"content":{"rendered":"<p><a href=\"https:\/\/wp.ufpel.edu.br\/ich\/files\/2015\/04\/Capturar-museu.gif\"><img class=\"alignnone size-medium wp-image-806\" src=\"https:\/\/wp.ufpel.edu.br\/ich\/files\/2015\/04\/Capturar-museu-407x318.gif\" alt=\"Capturar museu\" width=\"407\" height=\"318\" srcset=\"https:\/\/wp.ufpel.edu.br\/ich\/files\/2015\/04\/Capturar-museu-407x318.gif 407w, https:\/\/wp.ufpel.edu.br\/ich\/files\/2015\/04\/Capturar-museu-204x159.gif 204w\" sizes=\"(max-width: 407px) 100vw, 407px\" \/><\/a> <a href=\"https:\/\/wp.ufpel.edu.br\/ich\/files\/2015\/04\/DSC06449.jpg\"><img class=\"alignnone size-medium wp-image-807\" src=\"https:\/\/wp.ufpel.edu.br\/ich\/files\/2015\/04\/DSC06449-424x318.jpg\" alt=\"DSC06449\" width=\"424\" height=\"318\" srcset=\"https:\/\/wp.ufpel.edu.br\/ich\/files\/2015\/04\/DSC06449-424x318.jpg 424w, https:\/\/wp.ufpel.edu.br\/ich\/files\/2015\/04\/DSC06449-212x159.jpg 212w\" sizes=\"(max-width: 424px) 100vw, 424px\" \/><\/a> <a href=\"https:\/\/wp.ufpel.edu.br\/ich\/files\/2015\/04\/DSC06429.jpg\"><img class=\"alignnone size-medium wp-image-808\" src=\"https:\/\/wp.ufpel.edu.br\/ich\/files\/2015\/04\/DSC06429-239x318.jpg\" alt=\"DSC06429\" width=\"239\" height=\"318\" srcset=\"https:\/\/wp.ufpel.edu.br\/ich\/files\/2015\/04\/DSC06429-239x318.jpg 239w, https:\/\/wp.ufpel.edu.br\/ich\/files\/2015\/04\/DSC06429-119x159.jpg 119w\" sizes=\"(max-width: 239px) 100vw, 239px\" \/><\/a><\/p>\n<p>O Museu, fundado em 1953, tem como miss\u00e3o a preserva\u00e7\u00e3o e valoriza\u00e7\u00e3o das mem\u00f3rias da Revolu\u00e7\u00e3o Farroupilha; e ocupa um pr\u00e9dio constru\u00eddo em 1819, no qual funcionou o Minist\u00e9rio da Guerra. No dia 16 de abril um grupo de discentes do Mestrado em Antropologia da UFPel\u00a0 visitaram as instala\u00e7\u00f5es do Museu Hist\u00f3rico Farroupilha na cidade de Piratini, como parte das atividades da disciplina de &#8220;Patrim\u00f4nio Arqueol\u00f3gico e Estrat\u00e9gias de Conserva\u00e7\u00e3o&#8221;, ministradas pelo Dr. Jaime Mujica Sall\u00e9s. A sa\u00edda teve como objetivos realizar um diagn\u00f3stico do ambiente das cole\u00e7\u00f5es hist\u00f3ricas e arqueol\u00f3gicas e do estado de conserva\u00e7\u00e3o das mesmas, contemplando tamb\u00e9m as estrat\u00e9gias comunicacionais e a gest\u00e3o institucional.<\/p>\n<p>Constatou-se que o Museu teve grandes avan\u00e7os no que se refere a aspectos de conserva\u00e7\u00e3o preventiva e externaliza\u00e7\u00e3o, com rela\u00e7\u00e3o a anos anteriores. Esta mudan\u00e7a de gest\u00e3o, a nosso entender, teve como principal protagonista a atual respons\u00e1vel da Institui\u00e7\u00e3o, a Conservadora\/restauradora Consuelo Vaz Robe, natural de Piratini, formada no Curso de Conserva\u00e7\u00e3o e Restauro da nossa Universidade.<\/p>\n<p>As atividades abrangeram a identifica\u00e7\u00e3o e quantifica\u00e7\u00e3o dos potencias fatores de deterioro das cole\u00e7\u00f5es salvaguardadas, como a intensidade de luz, a temperatura, umidade relativa, manipula\u00e7\u00e3o; dissocia\u00e7\u00e3o, agentes biol\u00f3gicos, etc. Estas informa\u00e7\u00f5es, al\u00e9m de formar parte da estrat\u00e9gia did\u00e1tica da disciplina, servir\u00e3o de base para a elabora\u00e7\u00e3o de um relat\u00f3rio t\u00e9cnico a ser enviado \u00e0 Institui\u00e7\u00e3o, visando a identifica\u00e7\u00e3o das oportunidades de melhora na gest\u00e3o das cole\u00e7\u00f5es.<\/p>\n<p>Como contribui\u00e7\u00e3o do Instituto de Ci\u00eancias Humanas da UFPel, parte dos artefatos hist\u00f3ricos com processos de deterioro importantes ser\u00e3o encaminhados ao Laborat\u00f3rio Multidisciplinar de Investiga\u00e7\u00e3o Arqueol\u00f3gica (L\u00c2MINA) para sua identifica\u00e7\u00e3o, tratamento e restauro. Logo destes trabalhos, as pe\u00e7as j\u00e1 estabilizadas retornar\u00e3o ao Museu, com a documenta\u00e7\u00e3o dos processos de conserva\u00e7\u00e3o curativa e de restauro realizados, a pesquisa hist\u00f3rica\u00a0 correspondente e sugest\u00f5es de museografia dos artefatos.<\/p>\n","protected":false},"excerpt":{"rendered":"<p>O Museu, fundado em 1953, tem como miss\u00e3o a preserva\u00e7\u00e3o e valoriza\u00e7\u00e3o das mem\u00f3rias da Revolu\u00e7\u00e3o Farroupilha; e ocupa um pr\u00e9dio constru\u00eddo em 1819, no qual funcionou o Minist\u00e9rio da Guerra. No dia 16 de abril um grupo de discentes do Mestrado em Antropologia da UFPel\u00a0 visitaram as instala\u00e7\u00f5es do Museu Hist\u00f3rico Farroupilha na cidade [&hellip;]<\/p>\n","protected":false},"author":332,"featured_media":806,"comment_status":"closed","ping_status":"closed","sticky":false,"template":"","format":"standard","meta":{"jetpack_post_was_ever_published":false,"_jetpack_newsletter_access":"","_jetpack_dont_email_post_to_subs":false,"_jetpack_newsletter_tier_id":0,"_jetpack_memberships_contains_paywalled_content":false,"_jetpack_memberships_contains_paid_content":false,"footnotes":"","jetpack_publicize_message":"","jetpack_publicize_feature_enabled":true,"jetpack_social_post_already_shared":true,"jetpack_social_options":{"image_generator_settings":{"template":"highway","default_image_id":0,"font":"","enabled":false},"version":2}},"categories":[38749,4],"tags":[86911],"class_list":["post-804","post","type-post","status-publish","format-standard","has-post-thumbnail","hentry","category-antropologia-e-arqueologia","category-noticias","tag-antropologia-e-arqueologia"],"jetpack_publicize_connections":[],"jetpack_featured_media_url":"https:\/\/wp.ufpel.edu.br\/ich\/files\/2015\/04\/Capturar-museu.gif","jetpack_sharing_enabled":true,"jetpack_shortlink":"https:\/\/wp.me\/p5MuF3-cY","_links":{"self":[{"href":"https:\/\/wp.ufpel.edu.br\/ich\/wp-json\/wp\/v2\/posts\/804","targetHints":{"allow":["GET"]}}],"collection":[{"href":"https:\/\/wp.ufpel.edu.br\/ich\/wp-json\/wp\/v2\/posts"}],"about":[{"href":"https:\/\/wp.ufpel.edu.br\/ich\/wp-json\/wp\/v2\/types\/post"}],"author":[{"embeddable":true,"href":"https:\/\/wp.ufpel.edu.br\/ich\/wp-json\/wp\/v2\/users\/332"}],"replies":[{"embeddable":true,"href":"https:\/\/wp.ufpel.edu.br\/ich\/wp-json\/wp\/v2\/comments?post=804"}],"version-history":[{"count":2,"href":"https:\/\/wp.ufpel.edu.br\/ich\/wp-json\/wp\/v2\/posts\/804\/revisions"}],"predecessor-version":[{"id":809,"href":"https:\/\/wp.ufpel.edu.br\/ich\/wp-json\/wp\/v2\/posts\/804\/revisions\/809"}],"wp:featuredmedia":[{"embeddable":true,"href":"https:\/\/wp.ufpel.edu.br\/ich\/wp-json\/wp\/v2\/media\/806"}],"wp:attachment":[{"href":"https:\/\/wp.ufpel.edu.br\/ich\/wp-json\/wp\/v2\/media?parent=804"}],"wp:term":[{"taxonomy":"category","embeddable":true,"href":"https:\/\/wp.ufpel.edu.br\/ich\/wp-json\/wp\/v2\/categories?post=804"},{"taxonomy":"post_tag","embeddable":true,"href":"https:\/\/wp.ufpel.edu.br\/ich\/wp-json\/wp\/v2\/tags?post=804"}],"curies":[{"name":"wp","href":"https:\/\/api.w.org\/{rel}","templated":true}]}}