{"id":616,"date":"2015-03-24T03:40:43","date_gmt":"2015-03-24T06:40:43","guid":{"rendered":"https:\/\/wp.ufpel.edu.br\/ich\/?p=616"},"modified":"2015-04-02T01:44:12","modified_gmt":"2015-04-02T04:44:12","slug":"proext-2016%c2%a8-edital-aberto","status":"publish","type":"post","link":"https:\/\/wp.ufpel.edu.br\/ich\/2015\/03\/24\/proext-2016%c2%a8-edital-aberto\/","title":{"rendered":"PROEXT 2016 &#8211; Edital Aberto"},"content":{"rendered":"<p>A Pr\u00f3-Reitoria de Extens\u00e3o e Cultura informa que est\u00e1 aberto o per\u00edodo de inscri\u00e7\u00f5es para o Processo de Sele\u00e7\u00e3o Interna do Programa de Extens\u00e3o Universit\u00e1ria (ProExt) 2016.<\/p>\n<p>As propostas apresentadas dever\u00e3o estar de acordo com as condi\u00e7\u00f5es estabelecidas no Edital ProExt 2016, dispon\u00edvel no portal do MEC (que pode ser acessado\u00a0<a href=\"http:\/\/portal.mec.gov.br\/proext\" target=\"_blank\"><strong>AQUI<\/strong><\/a>), e devem ser cadastradas no endere\u00e7o\u00a0<a href=\"http:\/\/sisproext.mec.gov.br\/admin\/\" target=\"_blank\">http:\/\/sisproext.mec.gov.br\/admin\/<\/a>\u00a0at\u00e9 o dia 13 de abril de 2015.<\/p>\n<p>Veja o Edital na \u00edntegra:\u00a0<a href=\"https:\/\/wp.ufpel.edu.br\/ich\/files\/2015\/03\/Edital-Interno-ProExt-20161.pdf\">Edital-Interno-ProExt-20161<\/a><\/p>\n<p>&nbsp;<\/p>\n<p>Fonte:\u00a0http:\/\/ccs2.ufpel.edu.br\/wp\/2015\/03\/23\/divulgado-o-edital-de-selecao-interna-do-proext-2016-2\/. Acessado em 24\/03\/2015.<\/p>\n","protected":false},"excerpt":{"rendered":"<p>A Pr\u00f3-Reitoria de Extens\u00e3o e Cultura informa que est\u00e1 aberto o per\u00edodo de inscri\u00e7\u00f5es para o Processo de Sele\u00e7\u00e3o Interna do Programa de Extens\u00e3o Universit\u00e1ria (ProExt) 2016. As propostas apresentadas dever\u00e3o estar de acordo com as condi\u00e7\u00f5es estabelecidas no Edital ProExt 2016, dispon\u00edvel no portal do MEC (que pode ser acessado\u00a0AQUI), e devem ser cadastradas [&hellip;]<\/p>\n","protected":false},"author":332,"featured_media":618,"comment_status":"closed","ping_status":"closed","sticky":false,"template":"","format":"standard","meta":{"jetpack_post_was_ever_published":false,"_jetpack_newsletter_access":"","_jetpack_dont_email_post_to_subs":false,"_jetpack_newsletter_tier_id":0,"_jetpack_memberships_contains_paywalled_content":false,"_jetpack_memberships_contains_paid_content":false,"footnotes":"","jetpack_publicize_message":"","jetpack_publicize_feature_enabled":true,"jetpack_social_post_already_shared":true,"jetpack_social_options":{"image_generator_settings":{"template":"highway","default_image_id":0,"font":"","enabled":false},"version":2}},"categories":[38747,4],"tags":[],"class_list":["post-616","post","type-post","status-publish","format-standard","has-post-thumbnail","hentry","category-noticias-da-direcao","category-noticias"],"jetpack_publicize_connections":[],"jetpack_featured_media_url":"https:\/\/wp.ufpel.edu.br\/ich\/files\/2015\/03\/proext.jpg","jetpack_sharing_enabled":true,"jetpack_shortlink":"https:\/\/wp.me\/p5MuF3-9W","_links":{"self":[{"href":"https:\/\/wp.ufpel.edu.br\/ich\/wp-json\/wp\/v2\/posts\/616","targetHints":{"allow":["GET"]}}],"collection":[{"href":"https:\/\/wp.ufpel.edu.br\/ich\/wp-json\/wp\/v2\/posts"}],"about":[{"href":"https:\/\/wp.ufpel.edu.br\/ich\/wp-json\/wp\/v2\/types\/post"}],"author":[{"embeddable":true,"href":"https:\/\/wp.ufpel.edu.br\/ich\/wp-json\/wp\/v2\/users\/332"}],"replies":[{"embeddable":true,"href":"https:\/\/wp.ufpel.edu.br\/ich\/wp-json\/wp\/v2\/comments?post=616"}],"version-history":[{"count":2,"href":"https:\/\/wp.ufpel.edu.br\/ich\/wp-json\/wp\/v2\/posts\/616\/revisions"}],"predecessor-version":[{"id":620,"href":"https:\/\/wp.ufpel.edu.br\/ich\/wp-json\/wp\/v2\/posts\/616\/revisions\/620"}],"wp:featuredmedia":[{"embeddable":true,"href":"https:\/\/wp.ufpel.edu.br\/ich\/wp-json\/wp\/v2\/media\/618"}],"wp:attachment":[{"href":"https:\/\/wp.ufpel.edu.br\/ich\/wp-json\/wp\/v2\/media?parent=616"}],"wp:term":[{"taxonomy":"category","embeddable":true,"href":"https:\/\/wp.ufpel.edu.br\/ich\/wp-json\/wp\/v2\/categories?post=616"},{"taxonomy":"post_tag","embeddable":true,"href":"https:\/\/wp.ufpel.edu.br\/ich\/wp-json\/wp\/v2\/tags?post=616"}],"curies":[{"name":"wp","href":"https:\/\/api.w.org\/{rel}","templated":true}]}}