{"id":486,"date":"2015-03-13T16:28:47","date_gmt":"2015-03-13T19:28:47","guid":{"rendered":"https:\/\/wp.ufpel.edu.br\/ich\/?p=486"},"modified":"2015-03-13T16:28:47","modified_gmt":"2015-03-13T19:28:47","slug":"geografia-regesd-diplomas-disponiveis","status":"publish","type":"post","link":"https:\/\/wp.ufpel.edu.br\/ich\/2015\/03\/13\/geografia-regesd-diplomas-disponiveis\/","title":{"rendered":"Geografia Regesd: Diplomas dispon\u00edveis"},"content":{"rendered":"<p><a href=\"https:\/\/wp.ufpel.edu.br\/ich\/files\/2015\/02\/Antropologia_Diplomas.jpg\"><img class=\"alignnone size-medium wp-image-311\" src=\"https:\/\/wp.ufpel.edu.br\/ich\/files\/2015\/02\/Antropologia_Diplomas-300x225.jpg\" alt=\"Antropologia_Diplomas\" width=\"300\" height=\"225\" srcset=\"https:\/\/wp.ufpel.edu.br\/ich\/files\/2015\/02\/Antropologia_Diplomas-300x225.jpg 300w, https:\/\/wp.ufpel.edu.br\/ich\/files\/2015\/02\/Antropologia_Diplomas.jpg 640w\" sizes=\"(max-width: 300px) 100vw, 300px\" \/><\/a>\u00c9 com grande satisfa\u00e7\u00e3o que o Diretor do Instituto de Ci\u00eancias Humanas e Coordenador do Curso de Licenciatura em Geografia Modalidade EAD Ensino a Dist\u00e2ncia) UFPEL\/REGESD (Rede Ga\u00facha de Ensino Superior a Dist\u00e2ncia), comunica que est\u00e3o dispon\u00edveis os diplomas do referido curso.<\/p>\n<p>A Dire\u00e7\u00e3o do ICH aproveita a ocasi\u00e3o para cumprimentar aos formandos pelo \u00eaxito alcan\u00e7ado e dizer de sua satisfa\u00e7\u00e3o em finalmente concluir esse processo que representa o trabalho intenso de professores, t\u00e9cnicos e alunos na busca da melhoria acad\u00eamica.<\/p>\n<p>Os diplomas\u00a0dos relacionados abaixo poder\u00e3o ser retirados na Secretaria Geral do ICH, na Rua Alberto Rosa, 154, de segunda \u00e0 sexta, no hor\u00e1rio das 14 h \u00e0s 20 h. Os pr\u00f3prios interessados poder\u00e3o fazer a retirada mediante a apresenta\u00e7\u00e3o de um documento de identidade v\u00e1lido que contenha fotografia. No caso de procurador, ser\u00e1 necess\u00e1rio que a procura\u00e7\u00e3o tenha firma reconhecida do outorgante e que o outorgado se apresente com documento de identidade v\u00e1lido que contenha foto.<\/p>\n<p>Lista dos diplomas dispon\u00edveis para\u00a0Licenciatura em Geografia:<\/p>\n<p>ANDR\u00c9IA MARIA AMARAL SILVEIRA<\/p>\n<p>ANDRIGO DOS SANTOS LUZ<\/p>\n<p>BEATRIZ HELENA ARRIEIRA BORGES<\/p>\n<p>C\u00cdNTIA REJANE DA SILVA TABORDA<\/p>\n<p>IVANI DUARTE SAMPAIO<\/p>\n<p>LILIAN ALVES WARNKE<\/p>\n<p>LIZANDRO ARA\u00daJO DE CARVALHO<\/p>\n<p>MIRTA ELENA FERNANDES PEREIRA<\/p>\n<p>NEUSA CONCEI\u00c7\u00c3O ALVES VARGAS<\/p>\n<p>PATRICIA DE OLIVEIRA BARCELOS<\/p>\n<p>&nbsp;<\/p>\n","protected":false},"excerpt":{"rendered":"<p>\u00c9 com grande satisfa\u00e7\u00e3o que o Diretor do Instituto de Ci\u00eancias Humanas e Coordenador do Curso de Licenciatura em Geografia Modalidade EAD Ensino a Dist\u00e2ncia) UFPEL\/REGESD (Rede Ga\u00facha de Ensino Superior a Dist\u00e2ncia), comunica que est\u00e3o dispon\u00edveis os diplomas do referido curso. A Dire\u00e7\u00e3o do ICH aproveita a ocasi\u00e3o para cumprimentar aos formandos pelo \u00eaxito [&hellip;]<\/p>\n","protected":false},"author":332,"featured_media":455,"comment_status":"closed","ping_status":"closed","sticky":false,"template":"","format":"standard","meta":{"jetpack_post_was_ever_published":false,"_jetpack_newsletter_access":"","_jetpack_dont_email_post_to_subs":false,"_jetpack_newsletter_tier_id":0,"_jetpack_memberships_contains_paywalled_content":false,"_jetpack_memberships_contains_paid_content":false,"footnotes":"","jetpack_publicize_message":"","jetpack_publicize_feature_enabled":true,"jetpack_social_post_already_shared":true,"jetpack_social_options":{"image_generator_settings":{"template":"highway","default_image_id":0,"font":"","enabled":false},"version":2}},"categories":[38746,38747,4],"tags":[],"class_list":["post-486","post","type-post","status-publish","format-standard","has-post-thumbnail","hentry","category-geografia","category-noticias-da-direcao","category-noticias"],"jetpack_publicize_connections":[],"jetpack_featured_media_url":"https:\/\/wp.ufpel.edu.br\/ich\/files\/2015\/03\/diploma.jpg","jetpack_sharing_enabled":true,"jetpack_shortlink":"https:\/\/wp.me\/p5MuF3-7Q","_links":{"self":[{"href":"https:\/\/wp.ufpel.edu.br\/ich\/wp-json\/wp\/v2\/posts\/486","targetHints":{"allow":["GET"]}}],"collection":[{"href":"https:\/\/wp.ufpel.edu.br\/ich\/wp-json\/wp\/v2\/posts"}],"about":[{"href":"https:\/\/wp.ufpel.edu.br\/ich\/wp-json\/wp\/v2\/types\/post"}],"author":[{"embeddable":true,"href":"https:\/\/wp.ufpel.edu.br\/ich\/wp-json\/wp\/v2\/users\/332"}],"replies":[{"embeddable":true,"href":"https:\/\/wp.ufpel.edu.br\/ich\/wp-json\/wp\/v2\/comments?post=486"}],"version-history":[{"count":3,"href":"https:\/\/wp.ufpel.edu.br\/ich\/wp-json\/wp\/v2\/posts\/486\/revisions"}],"predecessor-version":[{"id":489,"href":"https:\/\/wp.ufpel.edu.br\/ich\/wp-json\/wp\/v2\/posts\/486\/revisions\/489"}],"wp:featuredmedia":[{"embeddable":true,"href":"https:\/\/wp.ufpel.edu.br\/ich\/wp-json\/wp\/v2\/media\/455"}],"wp:attachment":[{"href":"https:\/\/wp.ufpel.edu.br\/ich\/wp-json\/wp\/v2\/media?parent=486"}],"wp:term":[{"taxonomy":"category","embeddable":true,"href":"https:\/\/wp.ufpel.edu.br\/ich\/wp-json\/wp\/v2\/categories?post=486"},{"taxonomy":"post_tag","embeddable":true,"href":"https:\/\/wp.ufpel.edu.br\/ich\/wp-json\/wp\/v2\/tags?post=486"}],"curies":[{"name":"wp","href":"https:\/\/api.w.org\/{rel}","templated":true}]}}