{"id":4151,"date":"2024-12-23T10:52:21","date_gmt":"2024-12-23T13:52:21","guid":{"rendered":"https:\/\/wp.ufpel.edu.br\/ich\/?p=4151"},"modified":"2024-12-23T10:52:21","modified_gmt":"2024-12-23T13:52:21","slug":"portaria-interna-pessoal-pgd-2025","status":"publish","type":"post","link":"https:\/\/wp.ufpel.edu.br\/ich\/2024\/12\/23\/portaria-interna-pessoal-pgd-2025\/","title":{"rendered":"Portaria Interna &#8211; Pessoal: PGD 2025"},"content":{"rendered":"<p>A Dire\u00e7\u00e3o do ICH, por meio do N\u00facleo Administrativo, torna p\u00fablica, neste s\u00edtio, a Portaria 4917\/2024 relativa aos servidores TAEs contemplados com o PGD para o ano de 2025.<\/p>\n<p><a href=\"https:\/\/wp.ufpel.edu.br\/ich\/files\/2024\/12\/Portaria_2024_4917.pdf\">Portaria_2024_4917<\/a><\/p>\n<p>&nbsp;<\/p>\n<p>&nbsp;<\/p>\n<p>&nbsp;<\/p>\n","protected":false},"excerpt":{"rendered":"<p>A Dire\u00e7\u00e3o do ICH, por meio do N\u00facleo Administrativo, torna p\u00fablica, neste s\u00edtio, a Portaria 4917\/2024 relativa aos servidores TAEs contemplados com o PGD para o ano de 2025. Portaria_2024_4917 &nbsp; &nbsp; &nbsp;<\/p>\n","protected":false},"author":332,"featured_media":0,"comment_status":"closed","ping_status":"closed","sticky":false,"template":"","format":"standard","meta":{"jetpack_post_was_ever_published":false,"_jetpack_newsletter_access":"","_jetpack_dont_email_post_to_subs":false,"_jetpack_newsletter_tier_id":0,"_jetpack_memberships_contains_paywalled_content":false,"_jetpack_memberships_contains_paid_content":false,"footnotes":"","jetpack_publicize_message":"","jetpack_publicize_feature_enabled":true,"jetpack_social_post_already_shared":true,"jetpack_social_options":{"image_generator_settings":{"template":"highway","default_image_id":0,"font":"","enabled":false},"version":2}},"categories":[4],"tags":[],"class_list":["post-4151","post","type-post","status-publish","format-standard","hentry","category-noticias"],"jetpack_publicize_connections":[],"jetpack_featured_media_url":"","jetpack_sharing_enabled":true,"jetpack_shortlink":"https:\/\/wp.me\/p5MuF3-14X","_links":{"self":[{"href":"https:\/\/wp.ufpel.edu.br\/ich\/wp-json\/wp\/v2\/posts\/4151","targetHints":{"allow":["GET"]}}],"collection":[{"href":"https:\/\/wp.ufpel.edu.br\/ich\/wp-json\/wp\/v2\/posts"}],"about":[{"href":"https:\/\/wp.ufpel.edu.br\/ich\/wp-json\/wp\/v2\/types\/post"}],"author":[{"embeddable":true,"href":"https:\/\/wp.ufpel.edu.br\/ich\/wp-json\/wp\/v2\/users\/332"}],"replies":[{"embeddable":true,"href":"https:\/\/wp.ufpel.edu.br\/ich\/wp-json\/wp\/v2\/comments?post=4151"}],"version-history":[{"count":2,"href":"https:\/\/wp.ufpel.edu.br\/ich\/wp-json\/wp\/v2\/posts\/4151\/revisions"}],"predecessor-version":[{"id":4155,"href":"https:\/\/wp.ufpel.edu.br\/ich\/wp-json\/wp\/v2\/posts\/4151\/revisions\/4155"}],"wp:attachment":[{"href":"https:\/\/wp.ufpel.edu.br\/ich\/wp-json\/wp\/v2\/media?parent=4151"}],"wp:term":[{"taxonomy":"category","embeddable":true,"href":"https:\/\/wp.ufpel.edu.br\/ich\/wp-json\/wp\/v2\/categories?post=4151"},{"taxonomy":"post_tag","embeddable":true,"href":"https:\/\/wp.ufpel.edu.br\/ich\/wp-json\/wp\/v2\/tags?post=4151"}],"curies":[{"name":"wp","href":"https:\/\/api.w.org\/{rel}","templated":true}]}}