{"id":4011,"date":"2022-10-14T09:30:35","date_gmt":"2022-10-14T12:30:35","guid":{"rendered":"https:\/\/wp.ufpel.edu.br\/ich\/?p=4011"},"modified":"2022-10-14T09:30:35","modified_gmt":"2022-10-14T12:30:35","slug":"eleicoes-direcao-ich-mesario-voluntario","status":"publish","type":"post","link":"https:\/\/wp.ufpel.edu.br\/ich\/2022\/10\/14\/eleicoes-direcao-ich-mesario-voluntario\/","title":{"rendered":"Elei\u00e7\u00f5es Dire\u00e7\u00e3o ICH &#8211; Mes\u00e1rio Volunt\u00e1rio"},"content":{"rendered":"<p>Prezados\/as,<\/p>\n<p>na data de\u00a0<strong><u>18\u00a0de outubro de 2022<\/u><\/strong>\u00a0ser\u00e1 realizada\u00a0<strong>consulta \u00e0 comunidade acad\u00eamica,<\/strong>\u00a0nas depend\u00eancias do ICH, para elei\u00e7\u00e3o da nova Dire\u00e7\u00e3o do ICH\/UFPel. Convidamos discentes, servidores\/as docentes e servidores\/as t\u00e9cnico-administrativos\/as para\u00a0<strong><u>trabalho volunt\u00e1rio de mes\u00e1rio\/a em um dos locais e hor\u00e1rios indicados abaixo<\/u>.<\/strong><\/p>\n<p>Aos\/\u00e0s interessados\/as, favor contatar a Comiss\u00e3o Eleitoral pelo\u00a0<em>e-mail<\/em>\u00a0&lt;wilian.bonete@ufpel.edu.br ou wjbonete@gmail.com &gt; atrav\u00e9s do assunto: mes\u00e1rio\/a.<\/p>\n<p>Informe o seu nome completo, se discente ou servidor\/a, local e hor\u00e1rios de disponibilidade.<\/p>\n<p>Contamos com a colabora\u00e7\u00e3o dos\/as colegas.<\/p>\n<p>Locais:<\/p>\n<p><em>Campus I e II<\/em>, do ICH:<\/p>\n<p><strong>Hor\u00e1rios:<\/strong><\/p>\n<p>09:00 \u2013 13:00;<\/p>\n<p>13:00 &#8211; 17:00<\/p>\n<p>17:00 \u2013 20:00<\/p>\n<p><em>Campus Anglo<\/em>, Departamento de Economia:<\/p>\n<p><strong>Hor\u00e1rios:<\/strong><\/p>\n<p>14 \u00e0s 17:30.<\/p>\n<p>&nbsp;<\/p>\n<p><strong>Comiss\u00e3o Eleitoral:<\/strong><\/p>\n<p>Servidor Docente\u00a0Wilian Junior Bonete<\/p>\n<p>Servidora T\u00e9cnica-Administrativa Thaise Schaun<\/p>\n<p>Discente\u00a0Let\u00edcia Quintana Lopes<\/p>\n","protected":false},"excerpt":{"rendered":"<p>Prezados\/as, na data de\u00a018\u00a0de outubro de 2022\u00a0ser\u00e1 realizada\u00a0consulta \u00e0 comunidade acad\u00eamica,\u00a0nas depend\u00eancias do ICH, para elei\u00e7\u00e3o da nova Dire\u00e7\u00e3o do ICH\/UFPel. Convidamos discentes, servidores\/as docentes e servidores\/as t\u00e9cnico-administrativos\/as para\u00a0trabalho volunt\u00e1rio de mes\u00e1rio\/a em um dos locais e hor\u00e1rios indicados abaixo. Aos\/\u00e0s interessados\/as, favor contatar a Comiss\u00e3o Eleitoral pelo\u00a0e-mail\u00a0&lt;wilian.bonete@ufpel.edu.br ou wjbonete@gmail.com &gt; atrav\u00e9s do assunto: mes\u00e1rio\/a. [&hellip;]<\/p>\n","protected":false},"author":332,"featured_media":0,"comment_status":"closed","ping_status":"closed","sticky":false,"template":"","format":"standard","meta":{"jetpack_post_was_ever_published":false,"_jetpack_newsletter_access":"","_jetpack_dont_email_post_to_subs":false,"_jetpack_newsletter_tier_id":0,"_jetpack_memberships_contains_paywalled_content":false,"_jetpack_memberships_contains_paid_content":false,"footnotes":"","jetpack_publicize_message":"","jetpack_publicize_feature_enabled":true,"jetpack_social_post_already_shared":true,"jetpack_social_options":{"image_generator_settings":{"template":"highway","default_image_id":0,"font":"","enabled":false},"version":2}},"categories":[4],"tags":[],"class_list":["post-4011","post","type-post","status-publish","format-standard","hentry","category-noticias"],"jetpack_publicize_connections":[],"jetpack_featured_media_url":"","jetpack_sharing_enabled":true,"jetpack_shortlink":"https:\/\/wp.me\/p5MuF3-12H","_links":{"self":[{"href":"https:\/\/wp.ufpel.edu.br\/ich\/wp-json\/wp\/v2\/posts\/4011","targetHints":{"allow":["GET"]}}],"collection":[{"href":"https:\/\/wp.ufpel.edu.br\/ich\/wp-json\/wp\/v2\/posts"}],"about":[{"href":"https:\/\/wp.ufpel.edu.br\/ich\/wp-json\/wp\/v2\/types\/post"}],"author":[{"embeddable":true,"href":"https:\/\/wp.ufpel.edu.br\/ich\/wp-json\/wp\/v2\/users\/332"}],"replies":[{"embeddable":true,"href":"https:\/\/wp.ufpel.edu.br\/ich\/wp-json\/wp\/v2\/comments?post=4011"}],"version-history":[{"count":1,"href":"https:\/\/wp.ufpel.edu.br\/ich\/wp-json\/wp\/v2\/posts\/4011\/revisions"}],"predecessor-version":[{"id":4013,"href":"https:\/\/wp.ufpel.edu.br\/ich\/wp-json\/wp\/v2\/posts\/4011\/revisions\/4013"}],"wp:attachment":[{"href":"https:\/\/wp.ufpel.edu.br\/ich\/wp-json\/wp\/v2\/media?parent=4011"}],"wp:term":[{"taxonomy":"category","embeddable":true,"href":"https:\/\/wp.ufpel.edu.br\/ich\/wp-json\/wp\/v2\/categories?post=4011"},{"taxonomy":"post_tag","embeddable":true,"href":"https:\/\/wp.ufpel.edu.br\/ich\/wp-json\/wp\/v2\/tags?post=4011"}],"curies":[{"name":"wp","href":"https:\/\/api.w.org\/{rel}","templated":true}]}}