{"id":3959,"date":"2022-09-13T12:01:11","date_gmt":"2022-09-13T15:01:11","guid":{"rendered":"https:\/\/wp.ufpel.edu.br\/ich\/?p=3959"},"modified":"2022-09-13T12:01:11","modified_gmt":"2022-09-13T15:01:11","slug":"edital-concurso-professor-efetivo","status":"publish","type":"post","link":"https:\/\/wp.ufpel.edu.br\/ich\/2022\/09\/13\/edital-concurso-professor-efetivo\/","title":{"rendered":"EDITAL &#8211; Concurso Professor Efetivo"},"content":{"rendered":"<p><b>Departamento de Museologia, Conserva\u00e7\u00e3o e Restauro &#8211; DMCOR\/UFPel<\/b><\/p>\n<p>A Universidade Federal de Pelotas, por meio da Coordena\u00e7\u00e3o de Administra\u00e7\u00e3o de Pessoal &#8211; CAP, torna p\u00fablica a realiza\u00e7\u00e3o de Concurso P\u00fablico de Provas e T\u00edtulos para a CARREIRA DO MAGIST\u00c9RIO SUPERIOR (<b>DMCOR\/UFPel).<\/b><\/p>\n<p>As inscri\u00e7\u00f5es ser\u00e3o realizadas no per\u00edodo compreendido entre as 18 horas do dia 08\/09\/2022 at\u00e9 \u00e0s 23h 59min de 26\/09\/2022, exclusivamente via INTERNET, no endere\u00e7o:\u00a0<a href=\"http:\/\/ces.ufpel.edu.br\/conctecadmed0018_2022\/\">http:\/\/ces.ufpel.edu.br\/conctecadmed0018_2022\/<\/a><\/p>\n<p>Mais informa\u00e7\u00f5es podem ser obtidas atrav\u00e9s do EDITAL CAP N\u00ba 18, 5 DE SETEMBRO DE 2022, contido no link abaixo.<\/p>\n<p><a href=\"https:\/\/wp.ufpel.edu.br\/ich\/files\/2022\/09\/Edital_Concurso-Professor-Efetivo-UFPel.pdf\">Edital_Concurso Professor Efetivo UFPel<\/a><\/p>\n<p>&nbsp;<\/p>\n","protected":false},"excerpt":{"rendered":"<p>Departamento de Museologia, Conserva\u00e7\u00e3o e Restauro &#8211; DMCOR\/UFPel A Universidade Federal de Pelotas, por meio da Coordena\u00e7\u00e3o de Administra\u00e7\u00e3o de Pessoal &#8211; CAP, torna p\u00fablica a realiza\u00e7\u00e3o de Concurso P\u00fablico de Provas e T\u00edtulos para a CARREIRA DO MAGIST\u00c9RIO SUPERIOR (DMCOR\/UFPel). As inscri\u00e7\u00f5es ser\u00e3o realizadas no per\u00edodo compreendido entre as 18 horas do dia 08\/09\/2022 [&hellip;]<\/p>\n","protected":false},"author":332,"featured_media":0,"comment_status":"closed","ping_status":"closed","sticky":false,"template":"","format":"standard","meta":{"jetpack_post_was_ever_published":false,"_jetpack_newsletter_access":"","_jetpack_dont_email_post_to_subs":false,"_jetpack_newsletter_tier_id":0,"_jetpack_memberships_contains_paywalled_content":false,"_jetpack_memberships_contains_paid_content":false,"footnotes":"","jetpack_publicize_message":"","jetpack_publicize_feature_enabled":true,"jetpack_social_post_already_shared":true,"jetpack_social_options":{"image_generator_settings":{"template":"highway","default_image_id":0,"font":"","enabled":false},"version":2}},"categories":[86904,4],"tags":[86955,86956,86914,86920,86916,86919],"class_list":["post-3959","post","type-post","status-publish","format-standard","hentry","category-museologia-conservacao-e-restauro","category-noticias","tag-dmcor","tag-efetivo","tag-concurso","tag-docente","tag-edital","tag-professor"],"jetpack_publicize_connections":[],"jetpack_featured_media_url":"","jetpack_sharing_enabled":true,"jetpack_shortlink":"https:\/\/wp.me\/p5MuF3-11R","_links":{"self":[{"href":"https:\/\/wp.ufpel.edu.br\/ich\/wp-json\/wp\/v2\/posts\/3959","targetHints":{"allow":["GET"]}}],"collection":[{"href":"https:\/\/wp.ufpel.edu.br\/ich\/wp-json\/wp\/v2\/posts"}],"about":[{"href":"https:\/\/wp.ufpel.edu.br\/ich\/wp-json\/wp\/v2\/types\/post"}],"author":[{"embeddable":true,"href":"https:\/\/wp.ufpel.edu.br\/ich\/wp-json\/wp\/v2\/users\/332"}],"replies":[{"embeddable":true,"href":"https:\/\/wp.ufpel.edu.br\/ich\/wp-json\/wp\/v2\/comments?post=3959"}],"version-history":[{"count":4,"href":"https:\/\/wp.ufpel.edu.br\/ich\/wp-json\/wp\/v2\/posts\/3959\/revisions"}],"predecessor-version":[{"id":3965,"href":"https:\/\/wp.ufpel.edu.br\/ich\/wp-json\/wp\/v2\/posts\/3959\/revisions\/3965"}],"wp:attachment":[{"href":"https:\/\/wp.ufpel.edu.br\/ich\/wp-json\/wp\/v2\/media?parent=3959"}],"wp:term":[{"taxonomy":"category","embeddable":true,"href":"https:\/\/wp.ufpel.edu.br\/ich\/wp-json\/wp\/v2\/categories?post=3959"},{"taxonomy":"post_tag","embeddable":true,"href":"https:\/\/wp.ufpel.edu.br\/ich\/wp-json\/wp\/v2\/tags?post=3959"}],"curies":[{"name":"wp","href":"https:\/\/api.w.org\/{rel}","templated":true}]}}