{"id":3910,"date":"2022-03-11T11:28:15","date_gmt":"2022-03-11T14:28:15","guid":{"rendered":"https:\/\/wp.ufpel.edu.br\/ich\/?p=3910"},"modified":"2022-03-11T11:28:34","modified_gmt":"2022-03-11T14:28:34","slug":"passaporte-vacinal","status":"publish","type":"post","link":"https:\/\/wp.ufpel.edu.br\/ich\/2022\/03\/11\/passaporte-vacinal\/","title":{"rendered":"Passaporte vacinal"},"content":{"rendered":"<p>Por determina\u00e7\u00e3o do Conselho Universit\u00e1rio da Universidade Federal de Pelotas, o acesso \u00e0s depend\u00eancias da UFPel est\u00e1 condicionado \u00e0 apresenta\u00e7\u00e3o do comprovante de vacina\u00e7\u00e3o contra a Covid-19 enquanto durar a pandemia causada pelo coronav\u00edrus. A disposi\u00e7\u00e3o \u00e9 v\u00e1lida para estudantes, servidores docentes e t\u00e9cnico-administrativos, trabalhadores terceirizados e p\u00fablico em geral.<\/p>\n<p>O comprovante poder\u00e1 ser solicitado a qualquer tempo, nas portarias de pr\u00e9dios da Universidade ou durante a perman\u00eancia em espa\u00e7os f\u00edsicos da institui\u00e7\u00e3o. Poder\u00e3o ser apresentadas a carteira de vacina\u00e7\u00e3o digital, dispon\u00edvel na plataforma ConecteSUS, do Sistema \u00danico de Sa\u00fade, sendo este o preferencial, ou a caderneta ou cart\u00e3o de vacina\u00e7\u00e3o impresso em papel timbrado emitido por institui\u00e7\u00e3o governamental brasileira quando da vacina\u00e7\u00e3o. Ser\u00e1 considerado o esquema vacinal completo, ou seja, composto por, no m\u00ednimo, duas doses.<\/p>\n<p>O passaporte tamb\u00e9m est\u00e1 sendo requisitado para o processo de confirma\u00e7\u00e3o de matr\u00edcula. Para tanto, os estudantes devem cadastrados em seu perfil no cobalto o comprovante de vacina\u00e7\u00e3o. Para cadastra-lo, deve-se acessar a op\u00e7\u00e3o \u201cPerfil\u201d no Cobalto e clicar na aba \u201cVacina\u00e7\u00e3o COVID-19\u201d. Ali deve ocorrer o upload do arquivo, com o posterior comando de adicionar. Matr\u00edculas em disciplinas presenciais cujos alunos n\u00e3o realizem o cadastro ser\u00e3o automaticamente trancadas.<\/p>\n<p>Exce\u00e7\u00e3o ser\u00e1 aberta para pessoas com contraindica\u00e7\u00e3o m\u00e9dica para as vacinas existentes no mercado; nesse caso, dever\u00e1 ser mostrado atestado m\u00e9dico justificando a n\u00e3o imuniza\u00e7\u00e3o. Para acesso de pessoas n\u00e3o vacinadas, ser\u00e1 necess\u00e1ria apresenta\u00e7\u00e3o de laudo relativo a exames negativos ao coronav\u00edrus do tipo RT-PCR ou de ant\u00edgeno realizados at\u00e9 72 horas antes.<\/p>\n<p><strong>Aplicativo<\/strong><\/p>\n<p>Aliado \u00e0 exig\u00eancia do passaporte vacinal e ao rastreamento de contatos, uma ferramenta do sistema acad\u00eamico Cobalto, composta por um breve question\u00e1rio de tr\u00eas perguntas, avalia as possibilidades individuais de transmiss\u00e3o do coronav\u00edrus. A ideia \u00e9 que a ferramenta seja utilizada diariamente por estudantes e servidores da UFPel antes mesmo de sa\u00edrem de casa.<\/p>\n<p>Ap\u00f3s as respostas, o aplicativo trar\u00e1 o resultado na forma de sinais verde ou vermelho: o primeiro significa que a pessoa est\u00e1 apta a acessar os ambientes da UFPel; no caso do segundo, a orienta\u00e7\u00e3o \u00e9 que o estudante ou servidor permane\u00e7a em casa e entre imediatamente em contato com o Disque Covid para poss\u00edvel rastreamento de contatos.<\/p>\n<p>Assim como o passaporte vacinal, o sinal verde do aplicativo pode ser solicitado para acesso \u00e0s depend\u00eancias da Universidade, por isso a orienta\u00e7\u00e3o de que as perguntas sejam respondidas antes do deslocamento \u00e0 UFPel.<\/p>\n<p>O question\u00e1rio, no entanto, n\u00e3o \u00e9 uma ferramenta de diagn\u00f3stico; no entanto, permite o encaminhamento para uma an\u00e1lise mais personalizada de cada caso, a ser feita pelo Disque Covid, servi\u00e7o de informa\u00e7\u00f5es e monitoramento de casos da doen\u00e7a na Universidade.<\/p>\n<p>A ferramenta pode ser acessada por meio do aplicativo do sistema Cobalto, na aba \u201cMonitoramento COVID\u201d. O app est\u00e1 dispon\u00edvel para ser baixado na loja de aplicativos das plataformas Android e iOS.<\/p>\n<p>&nbsp;<\/p>\n<p>Fonte: https:\/\/ccs2.ufpel.edu.br\/wp\/2022\/03\/07\/cuidados-com-a-covid-marcam-volta-as-aulas\/<\/p>\n","protected":false},"excerpt":{"rendered":"<p>Por determina\u00e7\u00e3o do Conselho Universit\u00e1rio da Universidade Federal de Pelotas, o acesso \u00e0s depend\u00eancias da UFPel est\u00e1 condicionado \u00e0 apresenta\u00e7\u00e3o do comprovante de vacina\u00e7\u00e3o contra a Covid-19 enquanto durar a pandemia causada pelo coronav\u00edrus. A disposi\u00e7\u00e3o \u00e9 v\u00e1lida para estudantes, servidores docentes e t\u00e9cnico-administrativos, trabalhadores terceirizados e p\u00fablico em geral. O comprovante poder\u00e1 ser solicitado [&hellip;]<\/p>\n","protected":false},"author":332,"featured_media":0,"comment_status":"closed","ping_status":"closed","sticky":false,"template":"","format":"standard","meta":{"jetpack_post_was_ever_published":false,"_jetpack_newsletter_access":"","_jetpack_dont_email_post_to_subs":false,"_jetpack_newsletter_tier_id":0,"_jetpack_memberships_contains_paywalled_content":false,"_jetpack_memberships_contains_paid_content":false,"footnotes":"","jetpack_publicize_message":"","jetpack_publicize_feature_enabled":true,"jetpack_social_post_already_shared":true,"jetpack_social_options":{"image_generator_settings":{"template":"highway","default_image_id":0,"font":"","enabled":false},"version":2}},"categories":[4],"tags":[],"class_list":["post-3910","post","type-post","status-publish","format-standard","hentry","category-noticias"],"jetpack_publicize_connections":[],"jetpack_featured_media_url":"","jetpack_sharing_enabled":true,"jetpack_shortlink":"https:\/\/wp.me\/p5MuF3-114","_links":{"self":[{"href":"https:\/\/wp.ufpel.edu.br\/ich\/wp-json\/wp\/v2\/posts\/3910","targetHints":{"allow":["GET"]}}],"collection":[{"href":"https:\/\/wp.ufpel.edu.br\/ich\/wp-json\/wp\/v2\/posts"}],"about":[{"href":"https:\/\/wp.ufpel.edu.br\/ich\/wp-json\/wp\/v2\/types\/post"}],"author":[{"embeddable":true,"href":"https:\/\/wp.ufpel.edu.br\/ich\/wp-json\/wp\/v2\/users\/332"}],"replies":[{"embeddable":true,"href":"https:\/\/wp.ufpel.edu.br\/ich\/wp-json\/wp\/v2\/comments?post=3910"}],"version-history":[{"count":3,"href":"https:\/\/wp.ufpel.edu.br\/ich\/wp-json\/wp\/v2\/posts\/3910\/revisions"}],"predecessor-version":[{"id":3914,"href":"https:\/\/wp.ufpel.edu.br\/ich\/wp-json\/wp\/v2\/posts\/3910\/revisions\/3914"}],"wp:attachment":[{"href":"https:\/\/wp.ufpel.edu.br\/ich\/wp-json\/wp\/v2\/media?parent=3910"}],"wp:term":[{"taxonomy":"category","embeddable":true,"href":"https:\/\/wp.ufpel.edu.br\/ich\/wp-json\/wp\/v2\/categories?post=3910"},{"taxonomy":"post_tag","embeddable":true,"href":"https:\/\/wp.ufpel.edu.br\/ich\/wp-json\/wp\/v2\/tags?post=3910"}],"curies":[{"name":"wp","href":"https:\/\/api.w.org\/{rel}","templated":true}]}}