{"id":3907,"date":"2022-03-11T11:25:07","date_gmt":"2022-03-11T14:25:07","guid":{"rendered":"https:\/\/wp.ufpel.edu.br\/ich\/?p=3907"},"modified":"2022-03-11T11:25:14","modified_gmt":"2022-03-11T14:25:14","slug":"prae-informa-sobre-funcionamento-dos-rus-a-partir-de-07-de-marco","status":"publish","type":"post","link":"https:\/\/wp.ufpel.edu.br\/ich\/2022\/03\/11\/prae-informa-sobre-funcionamento-dos-rus-a-partir-de-07-de-marco\/","title":{"rendered":"Prae informa sobre funcionamento dos RUs a partir de 07 de mar\u00e7o"},"content":{"rendered":"<p>A Pr\u00f3-Reitoria de Assuntos Estudantis da Universidade Federal de Pelotas (Prae\/UFPel) informa \u00e0 comunidade acad\u00eamica os hor\u00e1rios e log\u00edstica de funcionamento dos Restaurantes Universit\u00e1rios (RUs) a partir do dia 07 de mar\u00e7o.<\/p>\n<p><strong>RU Central (RU da Rua Santa Cruz)<\/strong><br \/>\nSomente entrega de marmitas.<br \/>\n<em><br \/>\nDe segunda-feira a sexta-feira:<\/em><br \/>\nAlmo\u00e7o \u2013 11h \u00e0s 14h<br \/>\nJantar \u2013 17h30min \u00e0s 19h<\/p>\n<p><em>Finais de Semana e Feriados:<\/em><br \/>\nAlmo\u00e7o \u2013 11h30min \u00e0s 13h<br \/>\nJantar \u2013 17h30min \u00e0s 19h<\/p>\n<p><strong>RU Campus Anglo<\/strong><br \/>\nSomente entrega de marmitas, mediante\u00a0<a href=\"https:\/\/forms.gle\/PcGTjjqHtTV7eRyJA\">solicita\u00e7\u00e3o pelo formul\u00e1rio<\/a>\u00a0at\u00e9 as 9h para o almo\u00e7o e as 15h para o jantar do dia da refei\u00e7\u00e3o requerida. O refeit\u00f3rio estar\u00e1 dispon\u00edvel para quem desejar fazer suas refei\u00e7\u00f5es no local.<\/p>\n<p><em>De segunda a sexta-feira:<\/em><br \/>\nAlmo\u00e7o \u2013 1130min \u00e0s 13h30min<br \/>\nJantar \u2013 18h \u00e0s 19h<\/p>\n<p><strong>RU Campus Cap\u00e3o do Le\u00e3o<\/strong><br \/>\nSomente entrega de marmitas, mediante\u00a0<a href=\"https:\/\/forms.gle\/ypR9CGX9NK8ud89d6\">solicita\u00e7\u00e3o pelo formul\u00e1rio<\/a>\u00a0at\u00e9 as 9h do dia da refei\u00e7\u00e3o requerida. O refeit\u00f3rio estar\u00e1 dispon\u00edvel para quem desejar fazer suas refei\u00e7\u00f5es no local.<\/p>\n<p><em>De segunda a sexta-feira:<\/em><br \/>\nAlmo\u00e7o \u2013 11h30min \u00e0s 13h30min<\/p>\n<p><strong>Cuidados<\/strong><br \/>\nPara fazer o consumo das refei\u00e7\u00f5es no refeit\u00f3rio, \u00e9 imprescind\u00edvel a apresenta\u00e7\u00e3o do passaporte vacinal (m\u00ednimo duas doses). Na hip\u00f3tese da n\u00e3o efetiva\u00e7\u00e3o do esquema vacinal completo decorrer de expressa contraindica\u00e7\u00e3o da vacina contra a COVID-19, por motivo de sa\u00fade, regularmente comprovado por atestado m\u00e9dico, o acesso ao refeit\u00f3rio estar\u00e1 condicionado \u00e0 obrigat\u00f3ria apresenta\u00e7\u00e3o de teste RT-PCR ou teste ant\u00edgeno negativos para COVID-19 realizados nas \u00faltimas 72 horas, aos atendentes dos RUs.<\/p>\n<p>&nbsp;<\/p>\n<p>Fonte: https:\/\/ccs2.ufpel.edu.br\/wp\/2022\/03\/04\/prae-informa-sobre-funcionamento-dos-rus-a-partir-de-07-de-marco\/<\/p>\n","protected":false},"excerpt":{"rendered":"<p>A Pr\u00f3-Reitoria de Assuntos Estudantis da Universidade Federal de Pelotas (Prae\/UFPel) informa \u00e0 comunidade acad\u00eamica os hor\u00e1rios e log\u00edstica de funcionamento dos Restaurantes Universit\u00e1rios (RUs) a partir do dia 07 de mar\u00e7o. RU Central (RU da Rua Santa Cruz) Somente entrega de marmitas. De segunda-feira a sexta-feira: Almo\u00e7o \u2013 11h \u00e0s 14h Jantar \u2013 17h30min [&hellip;]<\/p>\n","protected":false},"author":332,"featured_media":0,"comment_status":"closed","ping_status":"closed","sticky":false,"template":"","format":"standard","meta":{"jetpack_post_was_ever_published":false,"_jetpack_newsletter_access":"","_jetpack_dont_email_post_to_subs":false,"_jetpack_newsletter_tier_id":0,"_jetpack_memberships_contains_paywalled_content":false,"_jetpack_memberships_contains_paid_content":false,"footnotes":"","jetpack_publicize_message":"","jetpack_publicize_feature_enabled":true,"jetpack_social_post_already_shared":true,"jetpack_social_options":{"image_generator_settings":{"template":"highway","default_image_id":0,"font":"","enabled":false},"version":2}},"categories":[4],"tags":[],"class_list":["post-3907","post","type-post","status-publish","format-standard","hentry","category-noticias"],"jetpack_publicize_connections":[],"jetpack_featured_media_url":"","jetpack_sharing_enabled":true,"jetpack_shortlink":"https:\/\/wp.me\/p5MuF3-111","_links":{"self":[{"href":"https:\/\/wp.ufpel.edu.br\/ich\/wp-json\/wp\/v2\/posts\/3907","targetHints":{"allow":["GET"]}}],"collection":[{"href":"https:\/\/wp.ufpel.edu.br\/ich\/wp-json\/wp\/v2\/posts"}],"about":[{"href":"https:\/\/wp.ufpel.edu.br\/ich\/wp-json\/wp\/v2\/types\/post"}],"author":[{"embeddable":true,"href":"https:\/\/wp.ufpel.edu.br\/ich\/wp-json\/wp\/v2\/users\/332"}],"replies":[{"embeddable":true,"href":"https:\/\/wp.ufpel.edu.br\/ich\/wp-json\/wp\/v2\/comments?post=3907"}],"version-history":[{"count":1,"href":"https:\/\/wp.ufpel.edu.br\/ich\/wp-json\/wp\/v2\/posts\/3907\/revisions"}],"predecessor-version":[{"id":3909,"href":"https:\/\/wp.ufpel.edu.br\/ich\/wp-json\/wp\/v2\/posts\/3907\/revisions\/3909"}],"wp:attachment":[{"href":"https:\/\/wp.ufpel.edu.br\/ich\/wp-json\/wp\/v2\/media?parent=3907"}],"wp:term":[{"taxonomy":"category","embeddable":true,"href":"https:\/\/wp.ufpel.edu.br\/ich\/wp-json\/wp\/v2\/categories?post=3907"},{"taxonomy":"post_tag","embeddable":true,"href":"https:\/\/wp.ufpel.edu.br\/ich\/wp-json\/wp\/v2\/tags?post=3907"}],"curies":[{"name":"wp","href":"https:\/\/api.w.org\/{rel}","templated":true}]}}