{"id":3043,"date":"2018-05-08T09:38:40","date_gmt":"2018-05-08T12:38:40","guid":{"rendered":"https:\/\/wp.ufpel.edu.br\/ich\/?p=3043"},"modified":"2018-05-09T09:40:22","modified_gmt":"2018-05-09T12:40:22","slug":"geografia-realiza-xiv-seur","status":"publish","type":"post","link":"https:\/\/wp.ufpel.edu.br\/ich\/2018\/05\/08\/geografia-realiza-xiv-seur\/","title":{"rendered":"Geografia realiza XIV SEUR"},"content":{"rendered":"<p><a href=\"https:\/\/wp.ufpel.edu.br\/ich\/files\/2018\/05\/XIV_SEUR_logo.png\"><img class=\"wp-image-3045 aligncenter\" src=\"https:\/\/wp.ufpel.edu.br\/ich\/files\/2018\/05\/XIV_SEUR_logo-400x115.png\" alt=\"\" width=\"417\" height=\"120\" srcset=\"https:\/\/wp.ufpel.edu.br\/ich\/files\/2018\/05\/XIV_SEUR_logo-400x115.png 400w, https:\/\/wp.ufpel.edu.br\/ich\/files\/2018\/05\/XIV_SEUR_logo-768x220.png 768w, https:\/\/wp.ufpel.edu.br\/ich\/files\/2018\/05\/XIV_SEUR_logo.png 1000w\" sizes=\"(max-width: 417px) 100vw, 417px\" \/><\/a><\/p>\n<p style=\"text-align: center\"><strong><span style=\"font-size: 24pt\">XIV SEUR<\/span><\/strong><\/p>\n<p>O Laborat\u00f3rio de Estudos Urbanos e Regionais (LEUR), do Departamento de Geografia (ICH\/UFPEL), realiza, de 9 a 12 de maio de 2018 o XIV SEUR &#8211; Semin\u00e1rio Internacional de Estudos Urbanos e Regionais -, com o tema &#8220;Educa\u00e7\u00e3o para a Cidadania&#8221;. Juntamente, ser\u00e1 realizado o III Col\u00f3quio sobre Cidade e Cidadania. O evento ocorrer\u00e1 no Audit\u00f3rio do Centro de Artes (Rua \u00c1lvaro Chaves, 65) na parte da noite, quando acontecer\u00e3o as palestras. Os trabalhos selecionados ser\u00e3o apresentados no Instituto de Ci\u00eancias Humanas da Rua Alberto Rosa, 154 e no Campus II (Rua Barroso, 1202), de acordo com a programa\u00e7\u00e3o.<\/p>\n<p>&nbsp;<\/p>\n<p style=\"text-align: center\"><span style=\"font-size: 18pt\"><strong>Pr\u00eamio Professor M\u00e1rio Rosa<\/strong><\/span><\/p>\n<p style=\"text-align: center\"><a href=\"https:\/\/wp.ufpel.edu.br\/ich\/files\/2016\/10\/Premio_Mario_Rosa.jpg\"><img class=\"alignnone size-full wp-image-2152\" src=\"https:\/\/wp.ufpel.edu.br\/ich\/files\/2016\/10\/Premio_Mario_Rosa.jpg\" alt=\"\" width=\"204\" height=\"159\" \/><\/a><\/p>\n<p>Juntamente com o XIV SEUR ocorrer\u00e1 a entrega do VII Pr\u00eamio Professor M\u00e1rio Rosa do M\u00e9rito Acad\u00eamico em Geografia, homenagem que ser\u00e1 prestada \u00e0 professora Helena Copetti Callai, da UNIJUI.<\/p>\n<div id=\"attachment_3067\" style=\"width: 330px\" class=\"wp-caption aligncenter\"><a href=\"https:\/\/wp.ufpel.edu.br\/ich\/files\/2018\/05\/Callai.jpg\"><img aria-describedby=\"caption-attachment-3067\" class=\"wp-image-3067 size-full\" src=\"https:\/\/wp.ufpel.edu.br\/ich\/files\/2018\/05\/Callai.jpg\" alt=\"\" width=\"320\" height=\"306\" \/><\/a><p id=\"caption-attachment-3067\" class=\"wp-caption-text\">Profa. Helena Copetti Callai<\/p><\/div>\n<p>&nbsp;<\/p>\n<p>A professora homenageada possui gradua\u00e7\u00e3o em Geografia pela FIDENE- Faculdade de Filosofia Ci\u00eancias e Letras de Iju\u00ed (1973), mestrado em Geografia (Geografia Humana) pela Universidade de S\u00e3o Paulo (1983) e doutorado em Geografia (Geografia F\u00edsica) pela Universidade de S\u00e3o Paulo (1996).\u00c9 p\u00f3s doutora pela UAM &#8211; Universidad Aut\u00f4noma de Madrid- Espanha, (com bolsa da CAPES). Atualmente \u00e9 professora titular no DHE &#8211; Departamento de Humanidades e Educa\u00e7\u00e3o da UNIJUI &#8211; Universidade Regional do Noroeste do Estado do Rio Grande do Sul. Atua como orientadora de PIBIC\/CNPq, de mestrado, doutorado e p\u00f3s-doutorado no PPGEC- Programa de P\u00f3s Gradua\u00e7\u00e3o em Educa\u00e7\u00e3o nas Ci\u00eancias- UNIJUI. .\u00c9 professora , visitante &#8211; na UAHC &#8211; Universidad Academia de Humanismo Cristiano&#8211; Santiago do Chile. \u00c9 tutora de convenio internacional &#8211; UNIJUI &#8211; UAM &#8211; Universidad Aut\u00f4noma de Madrid &#8211; Espanha, e do do convenio &#8211; UNIJUI -UAHC &#8211; Universidad Academia de Humanismo Cristiano., Santiago do Chile. Pesquisadora do CNPq- Bolsista de Produtividade em Pesquisa N\u00edvel 1D. Tem experi\u00eancia na \u00e1rea de Geografia, com \u00eanfase em Ensino de Geografia, atuando principalmente nos seguintes temas: geografia, educa\u00e7\u00e3o geogr\u00e1fica, ensino de geografia, estudos da cidade, cidadania, educa\u00e7\u00e3o, forma\u00e7\u00e3o de professores, curr\u00edculo, avalia\u00e7\u00e3o institucional.<\/p>\n<p>Mais detalhes sobre o evento poder\u00e3o ser obtidos no link: <a href=\"https:\/\/wp.ufpel.edu.br\/seur\/apresentacao-3\/\">https:\/\/wp.ufpel.edu.br\/seur\/apresentacao-3\/<\/a><\/p>\n","protected":false},"excerpt":{"rendered":"<p>XIV SEUR O Laborat\u00f3rio de Estudos Urbanos e Regionais (LEUR), do Departamento de Geografia (ICH\/UFPEL), realiza, de 9 a 12 de maio de 2018 o XIV SEUR &#8211; Semin\u00e1rio Internacional de Estudos Urbanos e Regionais -, com o tema &#8220;Educa\u00e7\u00e3o para a Cidadania&#8221;. Juntamente, ser\u00e1 realizado o III Col\u00f3quio sobre Cidade e Cidadania. O evento [&hellip;]<\/p>\n","protected":false},"author":332,"featured_media":3045,"comment_status":"closed","ping_status":"closed","sticky":false,"template":"","format":"standard","meta":{"jetpack_post_was_ever_published":false,"_jetpack_newsletter_access":"","_jetpack_dont_email_post_to_subs":false,"_jetpack_newsletter_tier_id":0,"_jetpack_memberships_contains_paywalled_content":false,"_jetpack_memberships_contains_paid_content":false,"footnotes":"","jetpack_publicize_message":"","jetpack_publicize_feature_enabled":true,"jetpack_social_post_already_shared":true,"jetpack_social_options":{"image_generator_settings":{"template":"highway","default_image_id":0,"font":"","enabled":false},"version":2}},"categories":[38746,4],"tags":[],"class_list":["post-3043","post","type-post","status-publish","format-standard","has-post-thumbnail","hentry","category-geografia","category-noticias"],"jetpack_publicize_connections":[],"jetpack_featured_media_url":"https:\/\/wp.ufpel.edu.br\/ich\/files\/2018\/05\/XIV_SEUR_logo.png","jetpack_sharing_enabled":true,"jetpack_shortlink":"https:\/\/wp.me\/p5MuF3-N5","_links":{"self":[{"href":"https:\/\/wp.ufpel.edu.br\/ich\/wp-json\/wp\/v2\/posts\/3043","targetHints":{"allow":["GET"]}}],"collection":[{"href":"https:\/\/wp.ufpel.edu.br\/ich\/wp-json\/wp\/v2\/posts"}],"about":[{"href":"https:\/\/wp.ufpel.edu.br\/ich\/wp-json\/wp\/v2\/types\/post"}],"author":[{"embeddable":true,"href":"https:\/\/wp.ufpel.edu.br\/ich\/wp-json\/wp\/v2\/users\/332"}],"replies":[{"embeddable":true,"href":"https:\/\/wp.ufpel.edu.br\/ich\/wp-json\/wp\/v2\/comments?post=3043"}],"version-history":[{"count":3,"href":"https:\/\/wp.ufpel.edu.br\/ich\/wp-json\/wp\/v2\/posts\/3043\/revisions"}],"predecessor-version":[{"id":3068,"href":"https:\/\/wp.ufpel.edu.br\/ich\/wp-json\/wp\/v2\/posts\/3043\/revisions\/3068"}],"wp:featuredmedia":[{"embeddable":true,"href":"https:\/\/wp.ufpel.edu.br\/ich\/wp-json\/wp\/v2\/media\/3045"}],"wp:attachment":[{"href":"https:\/\/wp.ufpel.edu.br\/ich\/wp-json\/wp\/v2\/media?parent=3043"}],"wp:term":[{"taxonomy":"category","embeddable":true,"href":"https:\/\/wp.ufpel.edu.br\/ich\/wp-json\/wp\/v2\/categories?post=3043"},{"taxonomy":"post_tag","embeddable":true,"href":"https:\/\/wp.ufpel.edu.br\/ich\/wp-json\/wp\/v2\/tags?post=3043"}],"curies":[{"name":"wp","href":"https:\/\/api.w.org\/{rel}","templated":true}]}}