{"id":300,"date":"2015-02-26T09:48:30","date_gmt":"2015-02-26T12:48:30","guid":{"rendered":"https:\/\/wp.ufpel.edu.br\/ich\/?p=300"},"modified":"2015-04-01T02:45:08","modified_gmt":"2015-04-01T05:45:08","slug":"calendario-de-formaturas-do-ich","status":"publish","type":"post","link":"https:\/\/wp.ufpel.edu.br\/ich\/2015\/02\/26\/calendario-de-formaturas-do-ich\/","title":{"rendered":"Calend\u00e1rio de Formaturas do ICH"},"content":{"rendered":"<p>&nbsp;<\/p>\n<p><a href=\"https:\/\/wp.ufpel.edu.br\/ich\/files\/2015\/02\/diploma.jpg\"><img class=\"size-full wp-image-301 aligncenter\" src=\"https:\/\/wp.ufpel.edu.br\/ich\/files\/2015\/02\/diploma.jpg\" alt=\"diploma\" width=\"276\" height=\"161\" \/><\/a><\/p>\n<p>&nbsp;<\/p>\n<p><span style=\"font-size: 14pt\"><strong>Calend\u00e1rio de Formaturas do Instituto de Ci\u00eancias Humanas<\/strong><\/span><\/p>\n<p>De acordo com o Calend\u00e1rio Acad\u00eamico 2015, aprovado pelo COCEPE em 23\/10\/2014, foram estabelecidos per\u00edodos para cola\u00e7\u00e3o de grau de cursos presenciais de acordo com o seguinte:<\/p>\n<p><strong><span style=\"text-decoration: underline\">Para os conluintes em 2015\/1<\/span><\/strong><\/p>\n<p>In\u00edcio: 14 de agosto de 2015<\/p>\n<p>Fim: 31 de outubro de 2015<\/p>\n<p><strong><span style=\"text-decoration: underline\">Para os concluintes em 2015\/2<\/span><\/strong><\/p>\n<p>In\u00edcio: 15 de janeiros de 2016<\/p>\n<p>Fim: 02 de abril de 2016<\/p>\n<p>Assim, se torna necess\u00e1rio que os colegiados e as turma de formandos\u00a0agendem\u00a0as formaturas externas nos per\u00edodos especificados e comuniquem\u00a0\u00e0 Secretaria Geral do ICH, com anteced\u00eancia m\u00ednima de 30 dias, as datas e hor\u00e1rios agendados.<\/p>\n<p><strong>\u00a0<\/strong><strong>Unifica\u00e7\u00e3o das Cerim\u00f4nias Internas de Cola\u00e7\u00e3o de Grau<\/strong><\/p>\n<p>Com rela\u00e7\u00e3o \u00e0s Cerim\u00f4nias Internas de Cola\u00e7\u00e3o de Grau, as datas de suas realiza\u00e7\u00f5es ser\u00e3o unificadas para todos os cursos, a fim de facilitar os protocolos necess\u00e1rios.<\/p>\n<p>Nesse sentido, solicito aos formandos de todos os cursos do ICH e aos coordenadores de colegiado de curso que atentem para as seguintes datas de realiza\u00e7\u00e3o das Cerim\u00f4nias Internas de Cola\u00e7\u00e3o de Grau.<\/p>\n<p><strong><span style=\"text-decoration: underline\">Para os conluintes em 2015\/1<\/span><\/strong><\/p>\n<p><strong>Primeira Cerim\u00f4nia<\/strong>: Licenciatura em Geografia e Bacharelado em Geografia. 18 de setembro de 2015, 20 H, na Secretaria Geral do ICH, na Rua Alberto Rosa, 154 (o local da cerim\u00f4nia dever\u00e1 ser confirmado com anteced\u00eancia).<\/p>\n<p><strong>Segunda Cerim\u00f4nia<\/strong>: Licenciatura em Hist\u00f3ria e Bacharelado em Hist\u00f3ria.\u00a025 de setembro de 2015, 20 H na Secretaria Geral do ICH, na Rua Alberto Rosa, 154 (o local da cerim\u00f4nia dever\u00e1 ser confirmado com anteced\u00eancia).<\/p>\n<p><strong>Terceira Cerim\u00f4nia<\/strong>: Bacharelado em Antropologia, Bacharelado em Ci\u00eancias Econ\u00f4micas e Bacharelado em Conserva\u00e7\u00e3o e Restauro de Bens Culturais M\u00f3veis02 de outubro de 2015, 20 H na Secretaria Geral do ICH, na Rua Alberto Rosa, 154 (o local da cerim\u00f4nia dever\u00e1 ser confirmado com anteced\u00eancia).<\/p>\n<p><strong>Quarta Cerim\u00f4nia<\/strong>: Todos os cursos\u00a0(apenas se houver remanescentes autorizados)\u00a023 de outubro de 2015, 20 H na Secretaria Geral do ICH, na Rua Alberto Rosa, 154 (o local da cerim\u00f4nia dever\u00e1 ser confirmado com anteced\u00eancia).<\/p>\n<p>A participa\u00e7\u00e3o na Quarta Cerim\u00f4nia, aberta para formandos de todos os cursos, ser\u00e1 facultada \u00e0queles formandos que justificarem a impossibilidade de participa\u00e7\u00e3o na data respectiva agendada para seu curso.<\/p>\n<p>A realiza\u00e7\u00e3o de cerim\u00f4nia interna de cola\u00e7\u00e3o de grau fora das datas agendadas depender\u00e1 da aprova\u00e7\u00e3o de justificativa encaminhada pelo interessado com a nu\u00eancia da respectiva coordena\u00e7\u00e3o de colegiado de curso.<\/p>\n","protected":false},"excerpt":{"rendered":"<p>&nbsp; &nbsp; Calend\u00e1rio de Formaturas do Instituto de Ci\u00eancias Humanas De acordo com o Calend\u00e1rio Acad\u00eamico 2015, aprovado pelo COCEPE em 23\/10\/2014, foram estabelecidos per\u00edodos para cola\u00e7\u00e3o de grau de cursos presenciais de acordo com o seguinte: Para os conluintes em 2015\/1 In\u00edcio: 14 de agosto de 2015 Fim: 31 de outubro de 2015 Para [&hellip;]<\/p>\n","protected":false},"author":332,"featured_media":0,"comment_status":"closed","ping_status":"closed","sticky":false,"template":"","format":"standard","meta":{"jetpack_post_was_ever_published":false,"_jetpack_newsletter_access":"","_jetpack_dont_email_post_to_subs":false,"_jetpack_newsletter_tier_id":0,"_jetpack_memberships_contains_paywalled_content":false,"_jetpack_memberships_contains_paid_content":false,"footnotes":"","jetpack_publicize_message":"","jetpack_publicize_feature_enabled":true,"jetpack_social_post_already_shared":true,"jetpack_social_options":{"image_generator_settings":{"template":"highway","default_image_id":0,"font":"","enabled":false},"version":2}},"categories":[38747,4],"tags":[],"class_list":["post-300","post","type-post","status-publish","format-standard","hentry","category-noticias-da-direcao","category-noticias"],"jetpack_publicize_connections":[],"jetpack_featured_media_url":"","jetpack_sharing_enabled":true,"jetpack_shortlink":"https:\/\/wp.me\/p5MuF3-4Q","_links":{"self":[{"href":"https:\/\/wp.ufpel.edu.br\/ich\/wp-json\/wp\/v2\/posts\/300","targetHints":{"allow":["GET"]}}],"collection":[{"href":"https:\/\/wp.ufpel.edu.br\/ich\/wp-json\/wp\/v2\/posts"}],"about":[{"href":"https:\/\/wp.ufpel.edu.br\/ich\/wp-json\/wp\/v2\/types\/post"}],"author":[{"embeddable":true,"href":"https:\/\/wp.ufpel.edu.br\/ich\/wp-json\/wp\/v2\/users\/332"}],"replies":[{"embeddable":true,"href":"https:\/\/wp.ufpel.edu.br\/ich\/wp-json\/wp\/v2\/comments?post=300"}],"version-history":[{"count":9,"href":"https:\/\/wp.ufpel.edu.br\/ich\/wp-json\/wp\/v2\/posts\/300\/revisions"}],"predecessor-version":[{"id":664,"href":"https:\/\/wp.ufpel.edu.br\/ich\/wp-json\/wp\/v2\/posts\/300\/revisions\/664"}],"wp:attachment":[{"href":"https:\/\/wp.ufpel.edu.br\/ich\/wp-json\/wp\/v2\/media?parent=300"}],"wp:term":[{"taxonomy":"category","embeddable":true,"href":"https:\/\/wp.ufpel.edu.br\/ich\/wp-json\/wp\/v2\/categories?post=300"},{"taxonomy":"post_tag","embeddable":true,"href":"https:\/\/wp.ufpel.edu.br\/ich\/wp-json\/wp\/v2\/tags?post=300"}],"curies":[{"name":"wp","href":"https:\/\/api.w.org\/{rel}","templated":true}]}}