{"id":2003,"date":"2016-07-21T15:19:49","date_gmt":"2016-07-21T18:19:49","guid":{"rendered":"https:\/\/wp.ufpel.edu.br\/ich\/?p=2003"},"modified":"2016-07-21T15:19:49","modified_gmt":"2016-07-21T18:19:49","slug":"consun-aprova-o-regimento-do-museu-do-doce","status":"publish","type":"post","link":"https:\/\/wp.ufpel.edu.br\/ich\/2016\/07\/21\/consun-aprova-o-regimento-do-museu-do-doce\/","title":{"rendered":"CONSUN aprova o Regimento do Museu do Doce"},"content":{"rendered":"<p>O Conselho Universit\u00e1rio (CONSUN) da Universidade Federal de Pelotas, aprovou na reuni\u00e3o de 12\/07\/16, continuada em 21\/07\/16, o Regimento Interno do Museu do Doce. O Museu foi criado como \u00f3rg\u00e3o suplementar do Instituto de Ci\u00eancias Humanas e est\u00e1 em funcionamento no pr\u00e9dio da UFPel localizado na Pra\u00e7a Coronel Pedro Os\u00f3rio, n\u00ba 8.<\/p>\n<p>Atualmente a Dire\u00e7\u00e3o do Museu \u00e9 exercida pelas professoras Carla Gastaud e Francisca Michelon, que sucedem a atua\u00e7\u00e3o da professora N\u00f3ris Mara Leal \u00e0 frente do Museu. A partir de agora, com a aprova\u00e7\u00e3o do Regimento, o Museu entra em uma nova fase, podendo colocar em pr\u00e1tica a administra\u00e7\u00e3o nos termos da norma aprovada.<\/p>\n<p>Na reuni\u00e3o do CONSUN, o professor Sidney Vieira, Diretor do ICH, se pronunciou em agradecimento \u00e0 sensibilidade dos conselheiros ao aprovarem o Regimento, principalmente porque com esse ato se consolida uma importante atua\u00e7\u00e3o do ICH e da UFPel na \u00e1rea de Museologia. Apesar de ser uma \u00e1rea recente na universidade, a capacidade e o profissionalismo das pessoas envolvidas t\u00eam sido respons\u00e1vel por uma ampla atua\u00e7\u00e3o na universidade e na pr\u00f3pria cidade, de um modo geral. A consolida\u00e7\u00e3o do Museu do Doce com a aprova\u00e7\u00e3o do seu Regimento, confere o reconhecimento de todo o trabalho na sua implanta\u00e7\u00e3o.<\/p>\n","protected":false},"excerpt":{"rendered":"<p>O Conselho Universit\u00e1rio (CONSUN) da Universidade Federal de Pelotas, aprovou na reuni\u00e3o de 12\/07\/16, continuada em 21\/07\/16, o Regimento Interno do Museu do Doce. O Museu foi criado como \u00f3rg\u00e3o suplementar do Instituto de Ci\u00eancias Humanas e est\u00e1 em funcionamento no pr\u00e9dio da UFPel localizado na Pra\u00e7a Coronel Pedro Os\u00f3rio, n\u00ba 8. Atualmente a Dire\u00e7\u00e3o [&hellip;]<\/p>\n","protected":false},"author":332,"featured_media":2005,"comment_status":"closed","ping_status":"closed","sticky":false,"template":"","format":"standard","meta":{"jetpack_post_was_ever_published":false,"_jetpack_newsletter_access":"","_jetpack_dont_email_post_to_subs":false,"_jetpack_newsletter_tier_id":0,"_jetpack_memberships_contains_paywalled_content":false,"_jetpack_memberships_contains_paid_content":false,"footnotes":"","jetpack_publicize_message":"","jetpack_publicize_feature_enabled":true,"jetpack_social_post_already_shared":true,"jetpack_social_options":{"image_generator_settings":{"template":"highway","default_image_id":0,"font":"","enabled":false},"version":2}},"categories":[86904,38747,4],"tags":[],"class_list":["post-2003","post","type-post","status-publish","format-standard","has-post-thumbnail","hentry","category-museologia-conservacao-e-restauro","category-noticias-da-direcao","category-noticias"],"jetpack_publicize_connections":[],"jetpack_featured_media_url":"https:\/\/wp.ufpel.edu.br\/ich\/files\/2016\/07\/Museu_Doce.jpg","jetpack_sharing_enabled":true,"jetpack_shortlink":"https:\/\/wp.me\/p5MuF3-wj","_links":{"self":[{"href":"https:\/\/wp.ufpel.edu.br\/ich\/wp-json\/wp\/v2\/posts\/2003","targetHints":{"allow":["GET"]}}],"collection":[{"href":"https:\/\/wp.ufpel.edu.br\/ich\/wp-json\/wp\/v2\/posts"}],"about":[{"href":"https:\/\/wp.ufpel.edu.br\/ich\/wp-json\/wp\/v2\/types\/post"}],"author":[{"embeddable":true,"href":"https:\/\/wp.ufpel.edu.br\/ich\/wp-json\/wp\/v2\/users\/332"}],"replies":[{"embeddable":true,"href":"https:\/\/wp.ufpel.edu.br\/ich\/wp-json\/wp\/v2\/comments?post=2003"}],"version-history":[{"count":1,"href":"https:\/\/wp.ufpel.edu.br\/ich\/wp-json\/wp\/v2\/posts\/2003\/revisions"}],"predecessor-version":[{"id":2006,"href":"https:\/\/wp.ufpel.edu.br\/ich\/wp-json\/wp\/v2\/posts\/2003\/revisions\/2006"}],"wp:featuredmedia":[{"embeddable":true,"href":"https:\/\/wp.ufpel.edu.br\/ich\/wp-json\/wp\/v2\/media\/2005"}],"wp:attachment":[{"href":"https:\/\/wp.ufpel.edu.br\/ich\/wp-json\/wp\/v2\/media?parent=2003"}],"wp:term":[{"taxonomy":"category","embeddable":true,"href":"https:\/\/wp.ufpel.edu.br\/ich\/wp-json\/wp\/v2\/categories?post=2003"},{"taxonomy":"post_tag","embeddable":true,"href":"https:\/\/wp.ufpel.edu.br\/ich\/wp-json\/wp\/v2\/tags?post=2003"}],"curies":[{"name":"wp","href":"https:\/\/api.w.org\/{rel}","templated":true}]}}