{"id":1590,"date":"2016-04-08T13:51:08","date_gmt":"2016-04-08T16:51:08","guid":{"rendered":"https:\/\/wp.ufpel.edu.br\/ich\/?p=1590"},"modified":"2016-04-08T13:52:45","modified_gmt":"2016-04-08T16:52:45","slug":"reitor-faz-garantias-de-espacos-para-ich","status":"publish","type":"post","link":"https:\/\/wp.ufpel.edu.br\/ich\/2016\/04\/08\/reitor-faz-garantias-de-espacos-para-ich\/","title":{"rendered":"Reitor apresenta garantias de espa\u00e7os para ICH"},"content":{"rendered":"<div id=\"attachment_1594\" style=\"width: 434px\" class=\"wp-caption alignleft\"><a href=\"https:\/\/wp.ufpel.edu.br\/ich\/files\/2016\/04\/reuniao_dois.jpg\" rel=\"attachment wp-att-1594\"><img aria-describedby=\"caption-attachment-1594\" class=\"wp-image-1594 size-medium\" src=\"https:\/\/wp.ufpel.edu.br\/ich\/files\/2016\/04\/reuniao_dois-424x281.jpg\" alt=\"reuniao_dois\" width=\"424\" height=\"281\" srcset=\"https:\/\/wp.ufpel.edu.br\/ich\/files\/2016\/04\/reuniao_dois-424x281.jpg 424w, https:\/\/wp.ufpel.edu.br\/ich\/files\/2016\/04\/reuniao_dois-212x140.jpg 212w, https:\/\/wp.ufpel.edu.br\/ich\/files\/2016\/04\/reuniao_dois-768x509.jpg 768w, https:\/\/wp.ufpel.edu.br\/ich\/files\/2016\/04\/reuniao_dois.jpg 1631w\" sizes=\"(max-width: 424px) 100vw, 424px\" \/><\/a><p id=\"caption-attachment-1594\" class=\"wp-caption-text\">Fonte: CCS<\/p><\/div>\n<div id=\"attachment_1593\" style=\"width: 434px\" class=\"wp-caption alignnone\"><a href=\"https:\/\/wp.ufpel.edu.br\/ich\/files\/2016\/04\/reuniao_um.jpg\" rel=\"attachment wp-att-1593\"><img aria-describedby=\"caption-attachment-1593\" class=\"wp-image-1593 size-medium\" src=\"https:\/\/wp.ufpel.edu.br\/ich\/files\/2016\/04\/reuniao_um-424x281.jpg\" alt=\"reuniao_um\" width=\"424\" height=\"281\" srcset=\"https:\/\/wp.ufpel.edu.br\/ich\/files\/2016\/04\/reuniao_um-424x281.jpg 424w, https:\/\/wp.ufpel.edu.br\/ich\/files\/2016\/04\/reuniao_um-212x140.jpg 212w, https:\/\/wp.ufpel.edu.br\/ich\/files\/2016\/04\/reuniao_um-768x509.jpg 768w, https:\/\/wp.ufpel.edu.br\/ich\/files\/2016\/04\/reuniao_um.jpg 1631w\" sizes=\"(max-width: 424px) 100vw, 424px\" \/><\/a><p id=\"caption-attachment-1593\" class=\"wp-caption-text\">Fonte: CCS<\/p><\/div>\n<p><strong><span style=\"font-size: 14pt\">Reuni\u00e3o ampliada foi no Audit\u00f3rio da Reitoria<\/span><\/strong><\/p>\n<p>A reuni\u00e3o do dia 06\/04 (quarta-feira) com o Reitor Mauro Del Pino foi marcada para tratar da quest\u00e3o envolvendo o uso do espa\u00e7o do ICH na Rua Lobo da Costa 1877, a Canguru e a poss\u00edvel loca\u00e7\u00e3o de dois im\u00f3veis, na Pra\u00e7a Coronel Pedro Os\u00f3rio, 1 e 3 para mudan\u00e7a das \u00e1reas envolvidas.<\/p>\n<p>A Dire\u00e7\u00e3o do ICH esteve acompanhada pelos demais chefes e coordenadores das \u00e1reas de Museologia, Conserva\u00e7\u00e3o e Restauro e Mem\u00f3ria e Patrim\u00f4nio. Grande parte dos professores do departamento tamb\u00e9m estavam presentes. Al\u00e9m de t\u00e9cnicos que trabalham no local tamb\u00e9m se fez presente um grande n\u00famero de estudantes de gradua\u00e7\u00e3o e p\u00f3s-gradua\u00e7\u00e3o.\u00a0 Ao todo foram cerca de sessenta pessoas recebidas pelo Reitor e pela Vice-Reitora no Audit\u00f3rio da Reitoria.<\/p>\n<p>A proposi\u00e7\u00e3o de que todos fossem recebidos, proposta pela Dire\u00e7\u00e3o, foi imediatamente aceita pelo Reitor, diante da demonstra\u00e7\u00e3o de que se tratava de um movimento preocupado com o futuro dos cursos e que n\u00e3o tinha qualquer outra conota\u00e7\u00e3o al\u00e9m da justa reivindica\u00e7\u00e3o que apoiavam.<\/p>\n<p><span style=\"font-size: 14pt\"><strong>Loca\u00e7\u00e3o dos pr\u00e9dios 1 e 3 ainda n\u00e3o ser\u00e1 encaminhada<\/strong><\/span><\/p>\n<p>O Reitor disse que aguardar\u00e1 a defini\u00e7\u00e3o de outra negocia\u00e7\u00e3o que est\u00e1 em curso com a Universidade antes de retomar a proposta de loca\u00e7\u00e3o dos pr\u00e9dios 1 e 3 da Pra\u00e7a Pedro Os\u00f3rio. Segundo o Reitor, h\u00e1 o comprometimento dos representantes dos im\u00f3veis no sentido de n\u00e3o fazerem outra negocia\u00e7\u00e3o antes da universidade confirmar seu interesse pelos im\u00f3veis. Entretanto, o Reitor afirmou que a proposta que est\u00e1 sendo tentada \u00e9 muito melhor\u00a0 para todo o\u00a0 ICH. De qualquer modo, diante da manifesta\u00e7\u00e3o da comunidade de que aceita a proposta feita pela Reitoria de mudan\u00e7a pata os citados im\u00f3veis esta proposta ser\u00e1 mantida pela Reitoria caso n\u00e3o se concretize outra melhor.<\/p>\n<p>O questionamento posto na reuni\u00e3o foi no sentido de que qualquer solu\u00e7\u00e3o ser\u00e1 intermedi\u00e1ria \u00e0 proposta definitiva para os cursos na Laneira e que, nesse caso seria melhor j\u00e1 definir pelo local conhecido por todos, haja vista que o Reitor n\u00e3o revelou de que im\u00f3vel se trata a outra possibilidade. Mas, o Reitor voltou a afirmar que s\u00f3 voltar\u00e1 a esses im\u00f3veis caso n\u00e3o se concretize a nova proposta que pretende apresentar.<\/p>\n<p><span style=\"font-size: 14pt\"><strong>Laneira definida como Casa dos Museus<\/strong><\/span><\/p>\n<p>Apesar da veicula\u00e7\u00e3o de not\u00edcias que d\u00e3o conta do uso poss\u00edvel da Laneira para outras atividades o Reitor foi categ\u00f3rico em afirmar que o projeto da Casa dos Museus e a transfer\u00eancia dos cursos de Museologia, Conserva\u00e7\u00e3o e Restauro e a P\u00f3s-Gradua\u00e7\u00e3o para a Laneira \u00e9 certa e inequ\u00edvoca. Trata-se de um projeto assumido pela Reitoria e que se encontra na fase de elabora\u00e7\u00e3o de projetos executivos para que se siga adiante na sua consecu\u00e7\u00e3o. Desse modo, a comunidade sentiu-se contemplada com a garantia dada pelo Reitor de que a Laneira \u00e9 um projeto institucional da UFPel e continuar\u00e1 como prioridade.<\/p>\n<p><span style=\"font-size: 14pt\"><strong>Perman\u00eancia na Canguru enquanto necess\u00e1rio<\/strong><\/span><\/p>\n<p>Outra tranquilidade decorrente da reuni\u00e3o foi a afirma\u00e7\u00e3o do Reitor de que n\u00e3o h\u00e1 a possibilidade de que os usos atuais na Canguru sejam interrompidos de forma imediata, ou seja, n\u00e3o h\u00e1 qualquer amea\u00e7a para que se saia do pr\u00e9dio. A inten\u00e7\u00e3o da Reitoria \u00e9 de resolver uma situa\u00e7\u00e3o inst\u00e1vel que trata da loca\u00e7\u00e3o daquele im\u00f3vel.\u00a0 Dai decorreu a proposta de loca\u00e7\u00e3o dos im\u00f3veis na Pra\u00e7a Pedro Os\u00f3rio, pois ent\u00e3o se consolidaria uma loca\u00e7\u00e3o regular.<\/p>\n<p><span style=\"font-size: 14pt\"><strong>ICH Uno e M\u00faltiplo tem plano imediato da Reitoria<\/strong><\/span><\/p>\n<p>O mais surpreendente na reuni\u00e3o foi a afirma\u00e7\u00e3o do Reitor de que o projeto do ICH Uno e M\u00faltiplo, proposto pela Dire\u00e7\u00e3o do ICH, poder\u00e1 se efetivar ainda neste semestre. A negocia\u00e7\u00e3o em Bras\u00edlia a acerca da possibilidade de compra ou aluguel de uma \u00e1rea capaz de abrigar as atividades previstas para todo o ICH \u00e9 um dos motivos da viagem do professor Mauro na pr\u00f3xima semana. De acordo com o Reitor, caso isso se concretize, os problemas de espa\u00e7o do ICH seriam resolvidos, sem interferir no Projeto Casa dos Museus na Laneira. \u00c9 esperar para ver.<\/p>\n<p><a href=\"https:\/\/wp.ufpel.edu.br\/ich\/files\/2016\/04\/reuni\u00e3o3.jpg\" rel=\"attachment wp-att-1595\"><img class=\"alignnone size-full wp-image-1595\" src=\"https:\/\/wp.ufpel.edu.br\/ich\/files\/2016\/04\/reuni\u00e3o3.jpg\" alt=\"reuni\u00e3o3\" width=\"213\" height=\"159\" srcset=\"https:\/\/wp.ufpel.edu.br\/ich\/files\/2016\/04\/reuni\u00e3o3.jpg 213w, https:\/\/wp.ufpel.edu.br\/ich\/files\/2016\/04\/reuni\u00e3o3-212x158.jpg 212w\" sizes=\"(max-width: 213px) 100vw, 213px\" \/><\/a><a href=\"https:\/\/wp.ufpel.edu.br\/ich\/files\/2016\/04\/reuni\u00e3o4.jpg\" rel=\"attachment wp-att-1596\"><img class=\"alignnone size-full wp-image-1596\" src=\"https:\/\/wp.ufpel.edu.br\/ich\/files\/2016\/04\/reuni\u00e3o4.jpg\" alt=\"reuni\u00e3o4\" width=\"213\" height=\"159\" srcset=\"https:\/\/wp.ufpel.edu.br\/ich\/files\/2016\/04\/reuni\u00e3o4.jpg 213w, https:\/\/wp.ufpel.edu.br\/ich\/files\/2016\/04\/reuni\u00e3o4-212x158.jpg 212w\" sizes=\"(max-width: 213px) 100vw, 213px\" \/><\/a><\/p>\n","protected":false},"excerpt":{"rendered":"<p>Reuni\u00e3o ampliada foi no Audit\u00f3rio da Reitoria A reuni\u00e3o do dia 06\/04 (quarta-feira) com o Reitor Mauro Del Pino foi marcada para tratar da quest\u00e3o envolvendo o uso do espa\u00e7o do ICH na Rua Lobo da Costa 1877, a Canguru e a poss\u00edvel loca\u00e7\u00e3o de dois im\u00f3veis, na Pra\u00e7a Coronel Pedro Os\u00f3rio, 1 e 3 [&hellip;]<\/p>\n","protected":false},"author":332,"featured_media":1593,"comment_status":"closed","ping_status":"closed","sticky":false,"template":"","format":"standard","meta":{"jetpack_post_was_ever_published":false,"_jetpack_newsletter_access":"","_jetpack_dont_email_post_to_subs":false,"_jetpack_newsletter_tier_id":0,"_jetpack_memberships_contains_paywalled_content":false,"_jetpack_memberships_contains_paid_content":false,"footnotes":"","jetpack_publicize_message":"","jetpack_publicize_feature_enabled":true,"jetpack_social_post_already_shared":true,"jetpack_social_options":{"image_generator_settings":{"template":"highway","default_image_id":0,"font":"","enabled":false},"version":2}},"categories":[86904,38747,4],"tags":[86910,38748,86909],"class_list":["post-1590","post","type-post","status-publish","format-standard","has-post-thumbnail","hentry","category-museologia-conservacao-e-restauro","category-noticias-da-direcao","category-noticias","tag-conservacao-e-restauro","tag-direcao","tag-museologia"],"jetpack_publicize_connections":[],"jetpack_featured_media_url":"https:\/\/wp.ufpel.edu.br\/ich\/files\/2016\/04\/reuniao_um.jpg","jetpack_sharing_enabled":true,"jetpack_shortlink":"https:\/\/wp.me\/p5MuF3-pE","_links":{"self":[{"href":"https:\/\/wp.ufpel.edu.br\/ich\/wp-json\/wp\/v2\/posts\/1590","targetHints":{"allow":["GET"]}}],"collection":[{"href":"https:\/\/wp.ufpel.edu.br\/ich\/wp-json\/wp\/v2\/posts"}],"about":[{"href":"https:\/\/wp.ufpel.edu.br\/ich\/wp-json\/wp\/v2\/types\/post"}],"author":[{"embeddable":true,"href":"https:\/\/wp.ufpel.edu.br\/ich\/wp-json\/wp\/v2\/users\/332"}],"replies":[{"embeddable":true,"href":"https:\/\/wp.ufpel.edu.br\/ich\/wp-json\/wp\/v2\/comments?post=1590"}],"version-history":[{"count":3,"href":"https:\/\/wp.ufpel.edu.br\/ich\/wp-json\/wp\/v2\/posts\/1590\/revisions"}],"predecessor-version":[{"id":1598,"href":"https:\/\/wp.ufpel.edu.br\/ich\/wp-json\/wp\/v2\/posts\/1590\/revisions\/1598"}],"wp:featuredmedia":[{"embeddable":true,"href":"https:\/\/wp.ufpel.edu.br\/ich\/wp-json\/wp\/v2\/media\/1593"}],"wp:attachment":[{"href":"https:\/\/wp.ufpel.edu.br\/ich\/wp-json\/wp\/v2\/media?parent=1590"}],"wp:term":[{"taxonomy":"category","embeddable":true,"href":"https:\/\/wp.ufpel.edu.br\/ich\/wp-json\/wp\/v2\/categories?post=1590"},{"taxonomy":"post_tag","embeddable":true,"href":"https:\/\/wp.ufpel.edu.br\/ich\/wp-json\/wp\/v2\/tags?post=1590"}],"curies":[{"name":"wp","href":"https:\/\/api.w.org\/{rel}","templated":true}]}}