{"id":1348,"date":"2015-10-28T18:51:17","date_gmt":"2015-10-28T20:51:17","guid":{"rendered":"https:\/\/wp.ufpel.edu.br\/ich\/?p=1348"},"modified":"2015-11-16T07:38:19","modified_gmt":"2015-11-16T09:38:19","slug":"mestrado-em-historia-lanca-edital-2016","status":"publish","type":"post","link":"https:\/\/wp.ufpel.edu.br\/ich\/2015\/10\/28\/mestrado-em-historia-lanca-edital-2016\/","title":{"rendered":"Mestrado em Hist\u00f3ria lan\u00e7a Edital 2016"},"content":{"rendered":"<p>&nbsp;<\/p>\n<p>O Programa de P\u00f3s-Gradua\u00e7\u00e3o em Hist\u00f3ria, do ICH\/UFPEL, publicou o Edital para 2016. Ressalta-se o fato do edital disponibilizar:\u00a02 vagas \u00a0exclusivamente a candidatos autodeclarados pretos ou pardos, 1 vaga \u00a0exclusivamente a candidatos ind\u00edgenas, 1 vaga exclusivamente a candidatos quilombolas, dentro da pol\u00edtica de acesso afirmativo, e 2 vagas exclusivamente para servidores da UFPel dentro da pol\u00edtica de incentivo \u00e0 qualifica\u00e7\u00e3o.<\/p>\n<p>Maiores informa\u00e7\u00f5es podem ser obtidas diretamente no Edital, dispon\u00edvel no link a seguir:<\/p>\n<p><a href=\"http:\/\/ich.ufpel.edu.br\/ppgh\/noticias02.php?id=101\" target=\"_blank\">Edital Mestrado em Hist\u00f3ria ICH\/UFPEL<\/a><\/p>\n<p>&nbsp;<\/p>\n","protected":false},"excerpt":{"rendered":"<p>&nbsp; O Programa de P\u00f3s-Gradua\u00e7\u00e3o em Hist\u00f3ria, do ICH\/UFPEL, publicou o Edital para 2016. Ressalta-se o fato do edital disponibilizar:\u00a02 vagas \u00a0exclusivamente a candidatos autodeclarados pretos ou pardos, 1 vaga \u00a0exclusivamente a candidatos ind\u00edgenas, 1 vaga exclusivamente a candidatos quilombolas, dentro da pol\u00edtica de acesso afirmativo, e 2 vagas exclusivamente para servidores da UFPel dentro [&hellip;]<\/p>\n","protected":false},"author":332,"featured_media":0,"comment_status":"closed","ping_status":"closed","sticky":false,"template":"","format":"standard","meta":{"jetpack_post_was_ever_published":false,"_jetpack_newsletter_access":"","_jetpack_dont_email_post_to_subs":false,"_jetpack_newsletter_tier_id":0,"_jetpack_memberships_contains_paywalled_content":false,"_jetpack_memberships_contains_paid_content":false,"footnotes":"","jetpack_publicize_message":"","jetpack_publicize_feature_enabled":true,"jetpack_social_post_already_shared":true,"jetpack_social_options":{"image_generator_settings":{"template":"highway","default_image_id":0,"font":"","enabled":false},"version":2}},"categories":[43970,4],"tags":[],"class_list":["post-1348","post","type-post","status-publish","format-standard","hentry","category-historia","category-noticias"],"jetpack_publicize_connections":[],"jetpack_featured_media_url":"","jetpack_sharing_enabled":true,"jetpack_shortlink":"https:\/\/wp.me\/p5MuF3-lK","_links":{"self":[{"href":"https:\/\/wp.ufpel.edu.br\/ich\/wp-json\/wp\/v2\/posts\/1348","targetHints":{"allow":["GET"]}}],"collection":[{"href":"https:\/\/wp.ufpel.edu.br\/ich\/wp-json\/wp\/v2\/posts"}],"about":[{"href":"https:\/\/wp.ufpel.edu.br\/ich\/wp-json\/wp\/v2\/types\/post"}],"author":[{"embeddable":true,"href":"https:\/\/wp.ufpel.edu.br\/ich\/wp-json\/wp\/v2\/users\/332"}],"replies":[{"embeddable":true,"href":"https:\/\/wp.ufpel.edu.br\/ich\/wp-json\/wp\/v2\/comments?post=1348"}],"version-history":[{"count":2,"href":"https:\/\/wp.ufpel.edu.br\/ich\/wp-json\/wp\/v2\/posts\/1348\/revisions"}],"predecessor-version":[{"id":1370,"href":"https:\/\/wp.ufpel.edu.br\/ich\/wp-json\/wp\/v2\/posts\/1348\/revisions\/1370"}],"wp:attachment":[{"href":"https:\/\/wp.ufpel.edu.br\/ich\/wp-json\/wp\/v2\/media?parent=1348"}],"wp:term":[{"taxonomy":"category","embeddable":true,"href":"https:\/\/wp.ufpel.edu.br\/ich\/wp-json\/wp\/v2\/categories?post=1348"},{"taxonomy":"post_tag","embeddable":true,"href":"https:\/\/wp.ufpel.edu.br\/ich\/wp-json\/wp\/v2\/tags?post=1348"}],"curies":[{"name":"wp","href":"https:\/\/api.w.org\/{rel}","templated":true}]}}