{"id":1269,"date":"2015-09-26T16:18:24","date_gmt":"2015-09-26T19:18:24","guid":{"rendered":"https:\/\/wp.ufpel.edu.br\/ich\/?p=1269"},"modified":"2015-09-26T16:18:24","modified_gmt":"2015-09-26T19:18:24","slug":"geografia-realizou-semana-academica","status":"publish","type":"post","link":"https:\/\/wp.ufpel.edu.br\/ich\/2015\/09\/26\/geografia-realizou-semana-academica\/","title":{"rendered":"Geografia Realizou Semana Acad\u00eamica"},"content":{"rendered":"<p><a href=\"https:\/\/wp.ufpel.edu.br\/ich\/files\/2015\/09\/12033341_1201686206524492_359810002_n.jpg\"><img class=\"alignnone size-medium wp-image-1271\" src=\"https:\/\/wp.ufpel.edu.br\/ich\/files\/2015\/09\/12033341_1201686206524492_359810002_n-424x239.jpg\" alt=\"12033341_1201686206524492_359810002_n\" width=\"424\" height=\"239\" srcset=\"https:\/\/wp.ufpel.edu.br\/ich\/files\/2015\/09\/12033341_1201686206524492_359810002_n-424x239.jpg 424w, https:\/\/wp.ufpel.edu.br\/ich\/files\/2015\/09\/12033341_1201686206524492_359810002_n-212x119.jpg 212w, https:\/\/wp.ufpel.edu.br\/ich\/files\/2015\/09\/12033341_1201686206524492_359810002_n.jpg 960w\" sizes=\"(max-width: 424px) 100vw, 424px\" \/><\/a><a href=\"https:\/\/wp.ufpel.edu.br\/ich\/files\/2015\/09\/12041880_1201685759857870_1735936728_n.jpg\"><img class=\"alignnone size-medium wp-image-1272\" src=\"https:\/\/wp.ufpel.edu.br\/ich\/files\/2015\/09\/12041880_1201685759857870_1735936728_n-424x239.jpg\" alt=\"12041880_1201685759857870_1735936728_n\" width=\"424\" height=\"239\" srcset=\"https:\/\/wp.ufpel.edu.br\/ich\/files\/2015\/09\/12041880_1201685759857870_1735936728_n-424x239.jpg 424w, https:\/\/wp.ufpel.edu.br\/ich\/files\/2015\/09\/12041880_1201685759857870_1735936728_n-212x119.jpg 212w, https:\/\/wp.ufpel.edu.br\/ich\/files\/2015\/09\/12041880_1201685759857870_1735936728_n.jpg 960w\" sizes=\"(max-width: 424px) 100vw, 424px\" \/><\/a><\/p>\n<p>&nbsp;<\/p>\n<p>Retomando a tradi\u00e7\u00e3o de incentivar a discuss\u00e3o acad\u00eamica produtiva o Centro Acad\u00eamico da Geografia (CAGeo) realizou de 21 a 25 de setembro a Semana Acad\u00eamica dos Cursos de Geografia.<\/p>\n<p>Na abertura, segunda-feira (21\/09), a presen\u00e7a do professor Paulo Roberto Quintana Rodrigues, para falar sobre a Pr\u00e1tica Docente em Geografia, lotou as depend\u00eancias da Sala 102 no ICH da F\u00e9lix da Cunha. Na ocasi\u00e3o, o professor Paulo recebeu uma placa em homenagem aos servi\u00e7o prestados \u00e0 Geografia, por ocasi\u00e3o de sua aposentadoria.<\/p>\n","protected":false},"excerpt":{"rendered":"<p>&nbsp; Retomando a tradi\u00e7\u00e3o de incentivar a discuss\u00e3o acad\u00eamica produtiva o Centro Acad\u00eamico da Geografia (CAGeo) realizou de 21 a 25 de setembro a Semana Acad\u00eamica dos Cursos de Geografia. Na abertura, segunda-feira (21\/09), a presen\u00e7a do professor Paulo Roberto Quintana Rodrigues, para falar sobre a Pr\u00e1tica Docente em Geografia, lotou as depend\u00eancias da Sala [&hellip;]<\/p>\n","protected":false},"author":332,"featured_media":1271,"comment_status":"closed","ping_status":"closed","sticky":false,"template":"","format":"standard","meta":{"jetpack_post_was_ever_published":false,"_jetpack_newsletter_access":"","_jetpack_dont_email_post_to_subs":false,"_jetpack_newsletter_tier_id":0,"_jetpack_memberships_contains_paywalled_content":false,"_jetpack_memberships_contains_paid_content":false,"footnotes":"","jetpack_publicize_message":"","jetpack_publicize_feature_enabled":true,"jetpack_social_post_already_shared":true,"jetpack_social_options":{"image_generator_settings":{"template":"highway","default_image_id":0,"font":"","enabled":false},"version":2}},"categories":[4],"tags":[],"class_list":["post-1269","post","type-post","status-publish","format-standard","has-post-thumbnail","hentry","category-noticias"],"jetpack_publicize_connections":[],"jetpack_featured_media_url":"https:\/\/wp.ufpel.edu.br\/ich\/files\/2015\/09\/12033341_1201686206524492_359810002_n.jpg","jetpack_sharing_enabled":true,"jetpack_shortlink":"https:\/\/wp.me\/p5MuF3-kt","_links":{"self":[{"href":"https:\/\/wp.ufpel.edu.br\/ich\/wp-json\/wp\/v2\/posts\/1269","targetHints":{"allow":["GET"]}}],"collection":[{"href":"https:\/\/wp.ufpel.edu.br\/ich\/wp-json\/wp\/v2\/posts"}],"about":[{"href":"https:\/\/wp.ufpel.edu.br\/ich\/wp-json\/wp\/v2\/types\/post"}],"author":[{"embeddable":true,"href":"https:\/\/wp.ufpel.edu.br\/ich\/wp-json\/wp\/v2\/users\/332"}],"replies":[{"embeddable":true,"href":"https:\/\/wp.ufpel.edu.br\/ich\/wp-json\/wp\/v2\/comments?post=1269"}],"version-history":[{"count":2,"href":"https:\/\/wp.ufpel.edu.br\/ich\/wp-json\/wp\/v2\/posts\/1269\/revisions"}],"predecessor-version":[{"id":1273,"href":"https:\/\/wp.ufpel.edu.br\/ich\/wp-json\/wp\/v2\/posts\/1269\/revisions\/1273"}],"wp:featuredmedia":[{"embeddable":true,"href":"https:\/\/wp.ufpel.edu.br\/ich\/wp-json\/wp\/v2\/media\/1271"}],"wp:attachment":[{"href":"https:\/\/wp.ufpel.edu.br\/ich\/wp-json\/wp\/v2\/media?parent=1269"}],"wp:term":[{"taxonomy":"category","embeddable":true,"href":"https:\/\/wp.ufpel.edu.br\/ich\/wp-json\/wp\/v2\/categories?post=1269"},{"taxonomy":"post_tag","embeddable":true,"href":"https:\/\/wp.ufpel.edu.br\/ich\/wp-json\/wp\/v2\/tags?post=1269"}],"curies":[{"name":"wp","href":"https:\/\/api.w.org\/{rel}","templated":true}]}}