{"id":1248,"date":"2015-09-22T11:48:52","date_gmt":"2015-09-22T14:48:52","guid":{"rendered":"https:\/\/wp.ufpel.edu.br\/ich\/?p=1248"},"modified":"2015-09-22T11:48:52","modified_gmt":"2015-09-22T14:48:52","slug":"ich-com-internet-limitada","status":"publish","type":"post","link":"https:\/\/wp.ufpel.edu.br\/ich\/2015\/09\/22\/ich-com-internet-limitada\/","title":{"rendered":"ICH com Internet limitada"},"content":{"rendered":"<p><img class=\"attachment-full wp-post-image\" src=\"http:\/\/cti.ufpel.edu.br\/site\/wp-content\/uploads\/2014\/01\/Tecnologia-da-Informa%C3%A7%C3%A3o-Banner.jpg\" alt=\"Tecnologia da Informa\u00e7\u00e3o\" width=\"984\" height=\"220\" \/><\/p>\n<p>De acordo com a Coordenadora de de Tecnologia da Informa\u00e7\u00e3o, Amanda Argou Cardozo, os problemas enfrentados pelo Instituto de Ci\u00eancias Humanas (ICH), com rela\u00e7\u00e3o \u00e0 Internet n\u00e3o ser\u00e3o solucionados em curto espa\u00e7o de tempo. Isso porque o sistema atualmente em uso n\u00e3o poder\u00e1 ser substitu\u00eddo at\u00e9 que haja a instala\u00e7\u00e3o da rede de fibra \u00f3tica, h\u00e1 muito esperada por toda universidade. Para que os problemas sejam minimizados ser\u00e1 feito um contrato para fornecimento de sinal com melhor qualidade. Mas, mesmo esta solu\u00e7\u00e3o ainda depende de contrata\u00e7\u00e3o. Portanto, no curto prazo, estaremos submetidos \u00e0s limita\u00e7\u00f5es que t\u00eam atrapalhado em muito o desenvolvimento das atividades normais da unidade.<\/p>\n<p>N\u00e3o \u00e9 de hoje que os pr\u00e9dios do ICH sofrem com problemas para uso da Internet. Agora, as limita\u00e7\u00f5es est\u00e3o atrapalhando os servi\u00e7os administrativos de modo geral causando transtorno em algumas setores do ICH. O problema mais s\u00e9rio \u00e9 registrado no ICH da Rua Lobo da Costa 1877, onde o sinal \u00e9 de p\u00e9ssima qualidade e o funcionamento \u00e9 totalmente inst\u00e1vel. Com isso, s\u00e3o prejudicadas as atividades nos cursos de Museologia e Conserva\u00e7\u00e3o e Restauro. O Programa de P\u00f3s Gradua\u00e7\u00e3o em Mem\u00f3ria Social e Patrim\u00f4nio Cultural sofre um problema bastante grave, pois a internet \u00e9 essencial para a realiza\u00e7\u00e3o das inscri\u00e7\u00f5es nos processos seletivos abertos e para o preenchimento dos dados na plataforma Sucupira. Tamb\u00e9m o ICH L\u00e2mina, da Rua Santa Tecla tem preju\u00edzo nas suas atividades, haja vista a depend\u00eancia que se tem hoje em dia desta tecnologia. Assim, tamb\u00e9m, no ICH da F\u00e9lix da Cunha (Geografia), os problemas s\u00e3o recorrentes, pois al\u00e9m da instabilidade do sinal de rede transmitido pela antena h\u00e1 quase a impossibilidade de uso da rede wi-fi disponibilizada o pr\u00e9dio.<\/p>\n<p>Com isso, h\u00e1 que se ter paci\u00eancia e aguardar por uma solu\u00e7\u00e3o que melhore nossa situa\u00e7\u00e3o. Todas as demandas advindas dos setores internos do ICH t\u00eam sido encaminhadas \u00e0 administra\u00e7\u00e3o superior da universidade. Entretanto, como se exp\u00f4s, as solu\u00e7\u00f5es n\u00e3o ser\u00e3o imediatas, apesar de estarem encaminhadas.<\/p>\n","protected":false},"excerpt":{"rendered":"<p>De acordo com a Coordenadora de de Tecnologia da Informa\u00e7\u00e3o, Amanda Argou Cardozo, os problemas enfrentados pelo Instituto de Ci\u00eancias Humanas (ICH), com rela\u00e7\u00e3o \u00e0 Internet n\u00e3o ser\u00e3o solucionados em curto espa\u00e7o de tempo. Isso porque o sistema atualmente em uso n\u00e3o poder\u00e1 ser substitu\u00eddo at\u00e9 que haja a instala\u00e7\u00e3o da rede de fibra \u00f3tica, [&hellip;]<\/p>\n","protected":false},"author":332,"featured_media":1249,"comment_status":"closed","ping_status":"closed","sticky":false,"template":"","format":"standard","meta":{"jetpack_post_was_ever_published":false,"_jetpack_newsletter_access":"","_jetpack_dont_email_post_to_subs":false,"_jetpack_newsletter_tier_id":0,"_jetpack_memberships_contains_paywalled_content":false,"_jetpack_memberships_contains_paid_content":false,"footnotes":"","jetpack_publicize_message":"","jetpack_publicize_feature_enabled":true,"jetpack_social_post_already_shared":true,"jetpack_social_options":{"image_generator_settings":{"template":"highway","default_image_id":0,"font":"","enabled":false},"version":2}},"categories":[38747,4],"tags":[],"class_list":["post-1248","post","type-post","status-publish","format-standard","has-post-thumbnail","hentry","category-noticias-da-direcao","category-noticias"],"jetpack_publicize_connections":[],"jetpack_featured_media_url":"https:\/\/wp.ufpel.edu.br\/ich\/files\/2015\/09\/tecnologia.jpg","jetpack_sharing_enabled":true,"jetpack_shortlink":"https:\/\/wp.me\/p5MuF3-k8","_links":{"self":[{"href":"https:\/\/wp.ufpel.edu.br\/ich\/wp-json\/wp\/v2\/posts\/1248","targetHints":{"allow":["GET"]}}],"collection":[{"href":"https:\/\/wp.ufpel.edu.br\/ich\/wp-json\/wp\/v2\/posts"}],"about":[{"href":"https:\/\/wp.ufpel.edu.br\/ich\/wp-json\/wp\/v2\/types\/post"}],"author":[{"embeddable":true,"href":"https:\/\/wp.ufpel.edu.br\/ich\/wp-json\/wp\/v2\/users\/332"}],"replies":[{"embeddable":true,"href":"https:\/\/wp.ufpel.edu.br\/ich\/wp-json\/wp\/v2\/comments?post=1248"}],"version-history":[{"count":2,"href":"https:\/\/wp.ufpel.edu.br\/ich\/wp-json\/wp\/v2\/posts\/1248\/revisions"}],"predecessor-version":[{"id":1251,"href":"https:\/\/wp.ufpel.edu.br\/ich\/wp-json\/wp\/v2\/posts\/1248\/revisions\/1251"}],"wp:featuredmedia":[{"embeddable":true,"href":"https:\/\/wp.ufpel.edu.br\/ich\/wp-json\/wp\/v2\/media\/1249"}],"wp:attachment":[{"href":"https:\/\/wp.ufpel.edu.br\/ich\/wp-json\/wp\/v2\/media?parent=1248"}],"wp:term":[{"taxonomy":"category","embeddable":true,"href":"https:\/\/wp.ufpel.edu.br\/ich\/wp-json\/wp\/v2\/categories?post=1248"},{"taxonomy":"post_tag","embeddable":true,"href":"https:\/\/wp.ufpel.edu.br\/ich\/wp-json\/wp\/v2\/tags?post=1248"}],"curies":[{"name":"wp","href":"https:\/\/api.w.org\/{rel}","templated":true}]}}