{"id":1229,"date":"2015-09-08T10:15:04","date_gmt":"2015-09-08T13:15:04","guid":{"rendered":"https:\/\/wp.ufpel.edu.br\/ich\/?p=1229"},"modified":"2015-09-08T10:15:04","modified_gmt":"2015-09-08T13:15:04","slug":"cahis-se-reune-com-diretor-do-ich","status":"publish","type":"post","link":"https:\/\/wp.ufpel.edu.br\/ich\/2015\/09\/08\/cahis-se-reune-com-diretor-do-ich\/","title":{"rendered":"CAHis se re\u00fane com diretor do ICH"},"content":{"rendered":"<p><a href=\"https:\/\/wp.ufpel.edu.br\/ich\/files\/2015\/09\/Chais.jpg\"><img class=\"size-medium wp-image-1228 aligncenter\" src=\"https:\/\/wp.ufpel.edu.br\/ich\/files\/2015\/09\/Chais-424x239.jpg\" alt=\"Chais\" width=\"424\" height=\"239\" srcset=\"https:\/\/wp.ufpel.edu.br\/ich\/files\/2015\/09\/Chais-424x239.jpg 424w, https:\/\/wp.ufpel.edu.br\/ich\/files\/2015\/09\/Chais-212x119.jpg 212w\" sizes=\"(max-width: 424px) 100vw, 424px\" \/><\/a><\/p>\n<p>Not\u00edcia veiculada na fonte: http:\/\/www.cahisufpel.com.br\/cahis-se-reune-com-o-diretor-do-ich\/<\/p>\n<p><em>Representantes da Gest\u00e3o Porta Aberta do Centro Acad\u00eamico de Hist\u00f3ria receberam na tarde desta sexta-feira (4\/9) o diretor do Instituto de Ci\u00eancias Humanas, Sidney Vieira, na sede do CAHis. Na oportunidade foram pautadas quest\u00f5es como a revitaliza\u00e7\u00e3o dos espa\u00e7os do ICH, melhorias na sala dos DAs e projetos em conjunto. O diretor mostrou-se preocupado com a pouca participa\u00e7\u00e3o discente nas reuni\u00f5es de conselho e ressaltou a import\u00e2ncia da participa\u00e7\u00e3o dos alunos nas discuss\u00f5es. O CAHis garantiu que ir\u00e1 se fazer representar nestes espa\u00e7os para construir de maneira conjunta propostas para qualificar cada vez mais o Instituto.<\/em><\/p>\n<p>O diretor se mostrou sens\u00edvel \u00e0s reivindica\u00e7\u00f5es apresentadas e se comprometeu a atender os pedidos imediatos relacionados \u00e0 infraestrutura da sede dos DAs. Na ocasi\u00e3o, o professor Sidney lembrou que a representa\u00e7\u00e3o\u00a0 no Conselho Departamental do ICH \u00e9 de extrema import\u00e2ncia, pois se trata do \u00f3rg\u00e3o que delibera sobre a maior parte dos temas que dizem respeito \u00e0 vida acad\u00eamica na unidade. O professor Sidney aproveitou para solicitar apoio na constitui\u00e7\u00e3o do Conselho Consultivo Acad\u00eamico, \u00f3rg\u00e3o de apoio \u00e0 Dire\u00e7\u00e3o e que se prop\u00f5e a ser um elo de liga\u00e7\u00e3o entre a administra\u00e7\u00e3o e os estudantes.<\/p>\n","protected":false},"excerpt":{"rendered":"<p>Not\u00edcia veiculada na fonte: http:\/\/www.cahisufpel.com.br\/cahis-se-reune-com-o-diretor-do-ich\/ Representantes da Gest\u00e3o Porta Aberta do Centro Acad\u00eamico de Hist\u00f3ria receberam na tarde desta sexta-feira (4\/9) o diretor do Instituto de Ci\u00eancias Humanas, Sidney Vieira, na sede do CAHis. Na oportunidade foram pautadas quest\u00f5es como a revitaliza\u00e7\u00e3o dos espa\u00e7os do ICH, melhorias na sala dos DAs e projetos em conjunto. [&hellip;]<\/p>\n","protected":false},"author":332,"featured_media":1228,"comment_status":"closed","ping_status":"closed","sticky":false,"template":"","format":"standard","meta":{"jetpack_post_was_ever_published":false,"_jetpack_newsletter_access":"","_jetpack_dont_email_post_to_subs":false,"_jetpack_newsletter_tier_id":0,"_jetpack_memberships_contains_paywalled_content":false,"_jetpack_memberships_contains_paid_content":false,"footnotes":"","jetpack_publicize_message":"","jetpack_publicize_feature_enabled":true,"jetpack_social_post_already_shared":true,"jetpack_social_options":{"image_generator_settings":{"template":"highway","default_image_id":0,"font":"","enabled":false},"version":2}},"categories":[38747,4],"tags":[38748],"class_list":["post-1229","post","type-post","status-publish","format-standard","has-post-thumbnail","hentry","category-noticias-da-direcao","category-noticias","tag-direcao"],"jetpack_publicize_connections":[],"jetpack_featured_media_url":"https:\/\/wp.ufpel.edu.br\/ich\/files\/2015\/09\/Chais.jpg","jetpack_sharing_enabled":true,"jetpack_shortlink":"https:\/\/wp.me\/p5MuF3-jP","_links":{"self":[{"href":"https:\/\/wp.ufpel.edu.br\/ich\/wp-json\/wp\/v2\/posts\/1229","targetHints":{"allow":["GET"]}}],"collection":[{"href":"https:\/\/wp.ufpel.edu.br\/ich\/wp-json\/wp\/v2\/posts"}],"about":[{"href":"https:\/\/wp.ufpel.edu.br\/ich\/wp-json\/wp\/v2\/types\/post"}],"author":[{"embeddable":true,"href":"https:\/\/wp.ufpel.edu.br\/ich\/wp-json\/wp\/v2\/users\/332"}],"replies":[{"embeddable":true,"href":"https:\/\/wp.ufpel.edu.br\/ich\/wp-json\/wp\/v2\/comments?post=1229"}],"version-history":[{"count":1,"href":"https:\/\/wp.ufpel.edu.br\/ich\/wp-json\/wp\/v2\/posts\/1229\/revisions"}],"predecessor-version":[{"id":1230,"href":"https:\/\/wp.ufpel.edu.br\/ich\/wp-json\/wp\/v2\/posts\/1229\/revisions\/1230"}],"wp:featuredmedia":[{"embeddable":true,"href":"https:\/\/wp.ufpel.edu.br\/ich\/wp-json\/wp\/v2\/media\/1228"}],"wp:attachment":[{"href":"https:\/\/wp.ufpel.edu.br\/ich\/wp-json\/wp\/v2\/media?parent=1229"}],"wp:term":[{"taxonomy":"category","embeddable":true,"href":"https:\/\/wp.ufpel.edu.br\/ich\/wp-json\/wp\/v2\/categories?post=1229"},{"taxonomy":"post_tag","embeddable":true,"href":"https:\/\/wp.ufpel.edu.br\/ich\/wp-json\/wp\/v2\/tags?post=1229"}],"curies":[{"name":"wp","href":"https:\/\/api.w.org\/{rel}","templated":true}]}}