{"id":1146,"date":"2015-08-03T10:25:46","date_gmt":"2015-08-03T13:25:46","guid":{"rendered":"https:\/\/wp.ufpel.edu.br\/ich\/?p=1146"},"modified":"2015-08-03T10:29:57","modified_gmt":"2015-08-03T13:29:57","slug":"ich-devera-solicitar-novas-vagas-para-docentes","status":"publish","type":"post","link":"https:\/\/wp.ufpel.edu.br\/ich\/2015\/08\/03\/ich-devera-solicitar-novas-vagas-para-docentes\/","title":{"rendered":"ICH dever\u00e1 solicitar novas vagas para docentes"},"content":{"rendered":"<p>O Instituto de Ci\u00eancias Humanas (ICH) dever\u00e1 solicitar vagas docentes nos termos do Edital 01\/2015 do Cocepe, al\u00e9m das vagas provenientes da distribui\u00e7\u00e3o feita com base na Matriz de aloca\u00e7\u00e3o de vagas docentes. O tema vem sendo discutido no Conselho Departamental (CD) da unidade que, apesar de ter recebido vagas na distribui\u00e7\u00e3o feita, possui demandas n\u00e3o atendidas que s\u00e3o absolutamente necess\u00e1rias para o funcionamento de seus cursos. Os departamentos de Geografia, Antropologia e Arqueologia e Museologia, Conserva\u00e7\u00e3o e Restauro j\u00e1 manifestaram o interesse em concorrer \u00e0s vagas do referido edital, considerando as necessidades existentes. A reuni\u00e3o do CD do ICH agendada para o dia 18 de agosto de 2015 dever\u00e1 debater o tema e deliberar sobre o encaminhamento dos pedidos.<\/p>\n<p>Leia, a seguir, a not\u00edcia divulgada pela administra\u00e7\u00e3o da UFPEL.<\/p>\n<p><em>O Cocepe (Conselho Coordenador do Ensino, da Pesquisa e da Extens\u00e3o) aprovou na manh\u00e3 desta quinta-feira (23) a publica\u00e7\u00e3o do edital Cocepe 01 de 2015, que trata da oferta, \u00e0s unidades acad\u00eamicas, de oito vagas docentes, do grupo compreendido como estrat\u00e9gicas. As unidades poder\u00e3o se inscrever para solicitar as vagas de 10 a 28 de agosto. As vagas\u00a0ser\u00e3o distribu\u00eddas pelo Cocepe para atender necessidades espec\u00edficas dos cursos de gradua\u00e7\u00e3o, ouvida a Comiss\u00e3o de Aloca\u00e7\u00e3o de Vagas Docentes. O edital d\u00e1 prosseguimento \u00e0 pol\u00edtica da atual Gest\u00e3o da UFPel de democratizar a distribui\u00e7\u00e3o dos recursos na Universidade, sejam eles or\u00e7ament\u00e1rios ou de pessoal, atrav\u00e9s de crit\u00e9rios transparentes e definidos com a comunidade. Confira o conte\u00fado do edital, onde est\u00e3o todas as informa\u00e7\u00f5es sobre a distribui\u00e7\u00e3o das vagas. <\/em><\/p>\n<p>Fonte: http:\/\/ccs2.ufpel.edu.br\/wp\/2015\/07\/23\/unidades-podem-concorrer-a-oito-vagas-docentes-estrategicas\/<\/p>\n<p>&nbsp;<\/p>\n<p><a href=\"https:\/\/wp.ufpel.edu.br\/ich\/files\/2015\/08\/EDITAL-COCEPE-01.2015.docx\" target=\"_blank\">Edital 01\/2015 COCEPE<\/a><\/p>\n<p>&nbsp;<\/p>\n","protected":false},"excerpt":{"rendered":"<p>O Instituto de Ci\u00eancias Humanas (ICH) dever\u00e1 solicitar vagas docentes nos termos do Edital 01\/2015 do Cocepe, al\u00e9m das vagas provenientes da distribui\u00e7\u00e3o feita com base na Matriz de aloca\u00e7\u00e3o de vagas docentes. O tema vem sendo discutido no Conselho Departamental (CD) da unidade que, apesar de ter recebido vagas na distribui\u00e7\u00e3o feita, possui demandas [&hellip;]<\/p>\n","protected":false},"author":332,"featured_media":4,"comment_status":"closed","ping_status":"closed","sticky":false,"template":"","format":"standard","meta":{"jetpack_post_was_ever_published":false,"_jetpack_newsletter_access":"","_jetpack_dont_email_post_to_subs":false,"_jetpack_newsletter_tier_id":0,"_jetpack_memberships_contains_paywalled_content":false,"_jetpack_memberships_contains_paid_content":false,"footnotes":"","jetpack_publicize_message":"","jetpack_publicize_feature_enabled":true,"jetpack_social_post_already_shared":true,"jetpack_social_options":{"image_generator_settings":{"template":"highway","default_image_id":0,"font":"","enabled":false},"version":2}},"categories":[38747,4],"tags":[],"class_list":["post-1146","post","type-post","status-publish","format-standard","has-post-thumbnail","hentry","category-noticias-da-direcao","category-noticias"],"jetpack_publicize_connections":[],"jetpack_featured_media_url":"https:\/\/wp.ufpel.edu.br\/ich\/files\/2013\/12\/logo.jpg","jetpack_sharing_enabled":true,"jetpack_shortlink":"https:\/\/wp.me\/p5MuF3-iu","_links":{"self":[{"href":"https:\/\/wp.ufpel.edu.br\/ich\/wp-json\/wp\/v2\/posts\/1146","targetHints":{"allow":["GET"]}}],"collection":[{"href":"https:\/\/wp.ufpel.edu.br\/ich\/wp-json\/wp\/v2\/posts"}],"about":[{"href":"https:\/\/wp.ufpel.edu.br\/ich\/wp-json\/wp\/v2\/types\/post"}],"author":[{"embeddable":true,"href":"https:\/\/wp.ufpel.edu.br\/ich\/wp-json\/wp\/v2\/users\/332"}],"replies":[{"embeddable":true,"href":"https:\/\/wp.ufpel.edu.br\/ich\/wp-json\/wp\/v2\/comments?post=1146"}],"version-history":[{"count":4,"href":"https:\/\/wp.ufpel.edu.br\/ich\/wp-json\/wp\/v2\/posts\/1146\/revisions"}],"predecessor-version":[{"id":1151,"href":"https:\/\/wp.ufpel.edu.br\/ich\/wp-json\/wp\/v2\/posts\/1146\/revisions\/1151"}],"wp:featuredmedia":[{"embeddable":true,"href":"https:\/\/wp.ufpel.edu.br\/ich\/wp-json\/wp\/v2\/media\/4"}],"wp:attachment":[{"href":"https:\/\/wp.ufpel.edu.br\/ich\/wp-json\/wp\/v2\/media?parent=1146"}],"wp:term":[{"taxonomy":"category","embeddable":true,"href":"https:\/\/wp.ufpel.edu.br\/ich\/wp-json\/wp\/v2\/categories?post=1146"},{"taxonomy":"post_tag","embeddable":true,"href":"https:\/\/wp.ufpel.edu.br\/ich\/wp-json\/wp\/v2\/tags?post=1146"}],"curies":[{"name":"wp","href":"https:\/\/api.w.org\/{rel}","templated":true}]}}