{"id":1013,"date":"2015-05-28T17:36:29","date_gmt":"2015-05-28T20:36:29","guid":{"rendered":"https:\/\/wp.ufpel.edu.br\/ich\/?p=1013"},"modified":"2015-05-28T17:38:37","modified_gmt":"2015-05-28T20:38:37","slug":"greve-dos-servidores-tecnicos-administrativos","status":"publish","type":"post","link":"https:\/\/wp.ufpel.edu.br\/ich\/2015\/05\/28\/greve-dos-servidores-tecnicos-administrativos\/","title":{"rendered":"GREVE dos Servidores T\u00e9cnicos Administrativos"},"content":{"rendered":"<p>Os Servidores T\u00e9cnicos Administrativos da Universidade Federal de Pelotas (UFPEL) est\u00e3o em greve. Em decorr\u00eancia da greve o atendimento nas secretarias do Instituto de Ci\u00eancias Humanas foi suspenso. Em caso de necessidade de informa\u00e7\u00f5es acerca do ICH, entre em contato com a Dire\u00e7\u00e3o da unidade pelo e-mail secretariaich@gmail.com.<\/p>\n<p>Os servidores docentes da UFPEL n\u00e3o est\u00e3o em greve, portanto as aulas continuam sendo ministradas normalmente.<\/p>\n","protected":false},"excerpt":{"rendered":"<p>Os Servidores T\u00e9cnicos Administrativos da Universidade Federal de Pelotas (UFPEL) est\u00e3o em greve. Em decorr\u00eancia da greve o atendimento nas secretarias do Instituto de Ci\u00eancias Humanas foi suspenso. Em caso de necessidade de informa\u00e7\u00f5es acerca do ICH, entre em contato com a Dire\u00e7\u00e3o da unidade pelo e-mail secretariaich@gmail.com. Os servidores docentes da UFPEL n\u00e3o est\u00e3o [&hellip;]<\/p>\n","protected":false},"author":332,"featured_media":4,"comment_status":"closed","ping_status":"closed","sticky":false,"template":"","format":"standard","meta":{"jetpack_post_was_ever_published":false,"_jetpack_newsletter_access":"","_jetpack_dont_email_post_to_subs":false,"_jetpack_newsletter_tier_id":0,"_jetpack_memberships_contains_paywalled_content":false,"_jetpack_memberships_contains_paid_content":false,"footnotes":"","jetpack_publicize_message":"","jetpack_publicize_feature_enabled":true,"jetpack_social_post_already_shared":true,"jetpack_social_options":{"image_generator_settings":{"template":"highway","default_image_id":0,"font":"","enabled":false},"version":2}},"categories":[4],"tags":[38748],"class_list":["post-1013","post","type-post","status-publish","format-standard","has-post-thumbnail","hentry","category-noticias","tag-direcao"],"jetpack_publicize_connections":[],"jetpack_featured_media_url":"https:\/\/wp.ufpel.edu.br\/ich\/files\/2013\/12\/logo.jpg","jetpack_sharing_enabled":true,"jetpack_shortlink":"https:\/\/wp.me\/p5MuF3-gl","_links":{"self":[{"href":"https:\/\/wp.ufpel.edu.br\/ich\/wp-json\/wp\/v2\/posts\/1013","targetHints":{"allow":["GET"]}}],"collection":[{"href":"https:\/\/wp.ufpel.edu.br\/ich\/wp-json\/wp\/v2\/posts"}],"about":[{"href":"https:\/\/wp.ufpel.edu.br\/ich\/wp-json\/wp\/v2\/types\/post"}],"author":[{"embeddable":true,"href":"https:\/\/wp.ufpel.edu.br\/ich\/wp-json\/wp\/v2\/users\/332"}],"replies":[{"embeddable":true,"href":"https:\/\/wp.ufpel.edu.br\/ich\/wp-json\/wp\/v2\/comments?post=1013"}],"version-history":[{"count":1,"href":"https:\/\/wp.ufpel.edu.br\/ich\/wp-json\/wp\/v2\/posts\/1013\/revisions"}],"predecessor-version":[{"id":1014,"href":"https:\/\/wp.ufpel.edu.br\/ich\/wp-json\/wp\/v2\/posts\/1013\/revisions\/1014"}],"wp:featuredmedia":[{"embeddable":true,"href":"https:\/\/wp.ufpel.edu.br\/ich\/wp-json\/wp\/v2\/media\/4"}],"wp:attachment":[{"href":"https:\/\/wp.ufpel.edu.br\/ich\/wp-json\/wp\/v2\/media?parent=1013"}],"wp:term":[{"taxonomy":"category","embeddable":true,"href":"https:\/\/wp.ufpel.edu.br\/ich\/wp-json\/wp\/v2\/categories?post=1013"},{"taxonomy":"post_tag","embeddable":true,"href":"https:\/\/wp.ufpel.edu.br\/ich\/wp-json\/wp\/v2\/tags?post=1013"}],"curies":[{"name":"wp","href":"https:\/\/api.w.org\/{rel}","templated":true}]}}