{"id":986,"date":"2016-06-05T10:50:34","date_gmt":"2016-06-05T13:50:34","guid":{"rendered":"https:\/\/wp.ufpel.edu.br\/ib\/?p=986"},"modified":"2017-07-06T22:15:18","modified_gmt":"2017-07-07T01:15:18","slug":"esclarecimento-sobre-o-regime-de-trabalho-dos-servidores-tecnicos-administrativos-do-instituto-de-biologia","status":"publish","type":"post","link":"https:\/\/wp.ufpel.edu.br\/ib\/2016\/06\/05\/esclarecimento-sobre-o-regime-de-trabalho-dos-servidores-tecnicos-administrativos-do-instituto-de-biologia\/","title":{"rendered":"Esclarecimento sobre o regime de trabalho dos servidores T\u00e9cnicos Administrativos do Instituto de Biologia"},"content":{"rendered":"<p id=\"yui_3_16_0_ym19_1_1465134552345_5024\" class=\"yiv9899402711MsoNormal\"><span id=\"yui_3_16_0_ym19_1_1465134552345_5087\" lang=\"EN-US\">\u00a0\u00a0\u00a0\u00a0\u00a0\u00a0\u00a0\u00a0\u00a0\u00a0\u00a0\u00a0\u00a0\u00a0 <\/span>Tendo em vista manifesta\u00e7\u00e3o ocorrida no \u00faltimo debate das elei\u00e7\u00f5es para Reitor, quando um dos candidatos asseverou que os t\u00e9cnicos administrativos do Instituto de Biologia exercem suas atividades em turnos de 30 horas semanais, vimos informar que:<\/p>\n<p id=\"yui_3_16_0_ym19_1_1465134552345_5037\" class=\"yiv9899402711\">1.<span id=\"yui_3_16_0_ym19_1_1465134552345_5049\">\u00a0\u00a0\u00a0\u00a0\u00a0 <\/span>Tal afirma\u00e7\u00e3o n\u00e3o corresponde \u00e0 realidade dos fatos pois os servidores do IB cumprem 40 horas semanais, salvo caso excepcional previsto em lei.<\/p>\n<p id=\"yui_3_16_0_ym19_1_1465134552345_5039\" class=\"yiv9899402711\">2.\u00a0\u00a0\u00a0\u00a0\u00a0 Todos os chefes de departamentos encaminham, rotineiramente, a chamada &#8220;presen\u00e7a cheia&#8221; que s\u00e3o ratificadas pela assinatura da dire\u00e7\u00e3o.<\/p>\n<p id=\"yui_3_16_0_ym19_1_1465134552345_5048\" class=\"yiv9899402711\">3.\u00a0\u00a0\u00a0\u00a0\u00a0 Defende-se que cada candidato tem o direito de apresentar e defender seus princ\u00edpios, entretanto, sugere-se modera\u00e7\u00e3o e prud\u00eancia nas coloca\u00e7\u00f5es, ainda mais quando envolver outras unidades ou pessoas.<\/p>\n<p id=\"yui_3_16_0_ym19_1_1465134552345_5047\" class=\"yiv9899402711MsoNormal\">\u00a0\u00a0\u00a0\u00a0\u00a0\u00a0\u00a0\u00a0\u00a0\u00a0\u00a0\u00a0\u00a0\u00a0 Sendo o que se tinha.<\/p>\n<p id=\"yui_3_16_0_ym19_1_1465134552345_5046\" class=\"yiv9899402711MsoNormal\">\u00a0\u00a0\u00a0\u00a0\u00a0\u00a0\u00a0\u00a0\u00a0\u00a0\u00a0\u00a0\u00a0\u00a0 Cordialmente.<\/p>\n<p id=\"yui_3_16_0_ym19_1_1465134552345_5045\" class=\"yiv9899402711MsoNormal\">\n<p id=\"yui_3_16_0_ym19_1_1465134552345_5040\" class=\"yiv9899402711MsoNormal\">\n<p id=\"yui_3_16_0_ym19_1_1465134552345_5041\" class=\"yiv9899402711MsoNormal\">\u00a0\u00a0\u00a0\u00a0\u00a0\u00a0\u00a0\u00a0\u00a0\u00a0\u00a0\u00a0\u00a0\u00a0 Prof. Dr. Althen Teixeira Filho<\/p>\n<p id=\"yui_3_16_0_ym19_1_1465134552345_5093\" class=\"yiv9899402711MsoNormal\">\u00a0\u00a0\u00a0\u00a0\u00a0\u00a0\u00a0\u00a0\u00a0\u00a0\u00a0\u00a0\u00a0\u00a0 Diretor do Instituto de Biologia<\/p>\n","protected":false},"excerpt":{"rendered":"<p>\u00a0\u00a0\u00a0\u00a0\u00a0\u00a0\u00a0\u00a0\u00a0\u00a0\u00a0\u00a0\u00a0\u00a0 Tendo em vista manifesta\u00e7\u00e3o ocorrida no \u00faltimo debate das elei\u00e7\u00f5es para Reitor, quando um dos candidatos asseverou que os t\u00e9cnicos administrativos do Instituto de Biologia exercem suas atividades em turnos de 30 horas semanais, vimos informar que: 1.\u00a0\u00a0\u00a0\u00a0\u00a0 Tal afirma\u00e7\u00e3o n\u00e3o corresponde \u00e0 realidade dos fatos pois os servidores do IB cumprem 40 horas [&hellip;]<\/p>\n","protected":false},"author":488,"featured_media":0,"comment_status":"closed","ping_status":"closed","sticky":false,"template":"","format":"standard","meta":{"jetpack_post_was_ever_published":false,"_jetpack_newsletter_access":"","_jetpack_dont_email_post_to_subs":false,"_jetpack_newsletter_tier_id":0,"_jetpack_memberships_contains_paywalled_content":false,"_jetpack_memberships_contains_paid_content":false,"footnotes":""},"categories":[10558],"tags":[],"class_list":["post-986","post","type-post","status-publish","format-standard","hentry","category-direcao"],"jetpack_featured_media_url":"","jetpack_sharing_enabled":true,"jetpack_shortlink":"https:\/\/wp.me\/p6S2gY-fU","_links":{"self":[{"href":"https:\/\/wp.ufpel.edu.br\/ib\/wp-json\/wp\/v2\/posts\/986","targetHints":{"allow":["GET"]}}],"collection":[{"href":"https:\/\/wp.ufpel.edu.br\/ib\/wp-json\/wp\/v2\/posts"}],"about":[{"href":"https:\/\/wp.ufpel.edu.br\/ib\/wp-json\/wp\/v2\/types\/post"}],"author":[{"embeddable":true,"href":"https:\/\/wp.ufpel.edu.br\/ib\/wp-json\/wp\/v2\/users\/488"}],"replies":[{"embeddable":true,"href":"https:\/\/wp.ufpel.edu.br\/ib\/wp-json\/wp\/v2\/comments?post=986"}],"version-history":[{"count":1,"href":"https:\/\/wp.ufpel.edu.br\/ib\/wp-json\/wp\/v2\/posts\/986\/revisions"}],"predecessor-version":[{"id":988,"href":"https:\/\/wp.ufpel.edu.br\/ib\/wp-json\/wp\/v2\/posts\/986\/revisions\/988"}],"wp:attachment":[{"href":"https:\/\/wp.ufpel.edu.br\/ib\/wp-json\/wp\/v2\/media?parent=986"}],"wp:term":[{"taxonomy":"category","embeddable":true,"href":"https:\/\/wp.ufpel.edu.br\/ib\/wp-json\/wp\/v2\/categories?post=986"},{"taxonomy":"post_tag","embeddable":true,"href":"https:\/\/wp.ufpel.edu.br\/ib\/wp-json\/wp\/v2\/tags?post=986"}],"curies":[{"name":"wp","href":"https:\/\/api.w.org\/{rel}","templated":true}]}}