{"id":976,"date":"2016-06-02T11:56:43","date_gmt":"2016-06-02T14:56:43","guid":{"rendered":"https:\/\/wp.ufpel.edu.br\/ib\/?p=976"},"modified":"2017-07-06T22:15:39","modified_gmt":"2017-07-07T01:15:39","slug":"semana-do-meio-ambiente","status":"publish","type":"post","link":"https:\/\/wp.ufpel.edu.br\/ib\/2016\/06\/02\/semana-do-meio-ambiente\/","title":{"rendered":"Semana do Meio-Ambiente"},"content":{"rendered":"<p id=\"yui_3_16_0_ym19_1_1464868990355_42939\" class=\"yiv9440617801MsoNormal\" align=\"center\"><strong>Semana do Meio Ambiente 2016<\/strong><\/p>\n<p id=\"yui_3_16_0_ym19_1_1464868990355_42940\" class=\"yiv9440617801MsoNormal\">\u00a0\u00a0\u00a0\u00a0\u00a0\u00a0\u00a0\u00a0\u00a0\u00a0\u00a0\u00a0\u00a0\u00a0\u00a0 Entramos numa semana durante a qual o &#8220;meio ambiente&#8221; deveria estar no centro de nossas aten\u00e7\u00f5es. Contudo, parcela expressiva da popula\u00e7\u00e3o n\u00e3o tem no\u00e7\u00e3o e n\u00e3o \u00e9 devidamente alertada sobre esse tema fundamental que j\u00e1 trata da pr\u00f3pria subsist\u00eancia da esp\u00e9cie humana.<\/p>\n<p id=\"yui_3_16_0_ym19_1_1464868990355_42886\" class=\"yiv9440617801MsoNormal\">\u00a0\u00a0\u00a0\u00a0\u00a0\u00a0\u00a0\u00a0\u00a0\u00a0\u00a0\u00a0\u00a0\u00a0 H\u00e1 muito tem-se v\u00e1rias entidades e pessoas de proje\u00e7\u00e3o, alertando sobre uma cadeia de ocorr\u00eancias que afetam o clima de forma dram\u00e1tica e ineg\u00e1vel, fazendo-nos perguntar se, afinal, tem-se ou n\u00e3o o &#8220;aquecimento global&#8221;?<\/p>\n<p class=\"yiv9440617801MsoNormal\">\u00a0\u00a0\u00a0\u00a0\u00a0\u00a0\u00a0\u00a0\u00a0\u00a0\u00a0\u00a0\u00a0\u00a0 A resposta \u00e9 &#8220;sim&#8221;!<\/p>\n<p class=\"yiv9440617801MsoNormal\">\u00a0\u00a0\u00a0\u00a0\u00a0\u00a0\u00a0\u00a0\u00a0\u00a0\u00a0\u00a0\u00a0\u00a0 A situa\u00e7\u00e3o alarmante, como asseverado acima, n\u00e3o \u00e9 repassada \u00e0s popula\u00e7\u00f5es ao redor do planeta que, n\u00e3o sendo devidamente esclarecidas e orientadas sobre essa devastadora altera\u00e7\u00e3o, n\u00e3o se mobilizam ou atuam como o fato exige.<\/p>\n<p id=\"yui_3_16_0_ym19_1_1464868990355_42874\" class=\"yiv9440617801MsoNormal\">\u00a0\u00a0\u00a0\u00a0\u00a0\u00a0\u00a0\u00a0\u00a0\u00a0\u00a0\u00a0\u00a0\u00a0 N\u00e3o se nega aqui a periodicidade de altern\u00e2ncia clim\u00e1tica planet\u00e1ria, entretanto outra pergunta chave \u00e9 &#8220;se o atual pico inimagin\u00e1vel e expressivo de calor ocorrido na \u00faltima d\u00e9cada, traz ou n\u00e3o consigo perigos para a harmonia do planeta?&#8221; E mais, pode-se dizer que a terra est\u00e1 &#8220;adoentada&#8221;, &#8220;febril&#8221; ou, como se diz, tem-se o &#8220;aquecimento global&#8221;?<\/p>\n<p class=\"yiv9440617801MsoNormal\">\u00a0\u00a0\u00a0\u00a0\u00a0\u00a0\u00a0\u00a0\u00a0\u00a0\u00a0\u00a0\u00a0\u00a0 A resposta \u00e9 outro ineg\u00e1vel &#8220;sim&#8221;!<\/p>\n<p class=\"yiv9440617801MsoNormal\">\u00a0\u00a0\u00a0\u00a0\u00a0\u00a0\u00a0\u00a0\u00a0\u00a0\u00a0\u00a0\u00a0\u00a0 Deve-se refletir que cada esp\u00e9cie animal tem a sua temperatura caracter\u00edstica e casos de eleva\u00e7\u00e3o denominam-se de &#8220;febre&#8221;. Existem febres que n\u00e3o s\u00e3o preocupantes, outras requerem cuidados especiais e algumas exigem interna\u00e7\u00f5es hospitalares! Se analisado sob esse aspecto, pode-se afirmar que nosso orbe est\u00e1 inegavelmente &#8220;febril&#8221;, num diagn\u00f3stico que se baseia em v\u00e1rios sintomas, alguns deles oriundos do &#8220;<i>site<\/i>&#8221; da NASA (Estados Unidos), advertindo e salientando para os seguintes pontos.<\/p>\n<p class=\"yiv9440617801MsoNormal\">\u00a0\u00a0\u00a0\u00a0\u00a0\u00a0\u00a0\u00a0\u00a0\u00a0\u00a0\u00a0\u00a0\u00a0 Inicialmente \u00e9 que as reconstitui\u00e7\u00f5es t\u00e9rmicas da superf\u00edcie terrestre mostram que houve um aquecimento desde o ano 1880, sendo mais expressivo a partir do in\u00edcio de 1970, mas os 10 anos mais quentes ocorreram nos \u00faltimos 12 anos. Mesmo considerando que os &#8220;anos 2000&#8221; testemunharam um decl\u00ednio das emiss\u00f5es solares, com um incomum decr\u00e9scimo de sua atividade entre 2007-2009, as temperaturas da superf\u00edcie terrestre continuaram aumentando.<\/p>\n<p class=\"yiv9440617801MsoNormal\">\u00a0\u00a0\u00a0\u00a0\u00a0\u00a0\u00a0\u00a0\u00a0\u00a0\u00a0\u00a0\u00a0\u00a0 Dados da NASA mostram que na Groenl\u00e2ndia as camadas de gelo diminu\u00edram de 150 a 250 km\/c\u00fabicos por ano entre 2002 e 2006, enquanto a Ant\u00e1rtica perdeu ao redor de 152 km\/c\u00fabicos entre 2002 e 2005. O gelo \u00c1rtico tem diminu\u00eddo rapidamente nas \u00faltimas d\u00e9cadas e, da mesma forma, os glaciais (dep\u00f3sitos de neves que, descongelando, formam rios gelados) est\u00e3o se reduzindo ao redor do mundo, incluindo os Alpes, Himalaia, Andes, Alasca, \u00c1frica e Montanhas Rochosas.<\/p>\n<p class=\"yiv9440617801MsoNormal\">\u00a0\u00a0\u00a0\u00a0\u00a0\u00a0\u00a0\u00a0\u00a0\u00a0\u00a0\u00a0\u00a0\u00a0 Al\u00e9m do registro de recorde de altas temperaturas, tamb\u00e9m o n\u00famero e intensidade de eventos clim\u00e1ticos catastr\u00f3ficos t\u00eam aumentado, com tempestades, secas e inc\u00eandios.<\/p>\n<p id=\"yui_3_16_0_ym19_1_1464868990355_42887\" class=\"yiv9440617801MsoNormal\">\u00a0\u00a0\u00a0\u00a0\u00a0\u00a0\u00a0\u00a0\u00a0\u00a0\u00a0\u00a0\u00a0\u00a0 O n\u00edvel dos oceanos aumentou 17 cm nos \u00faltimos cem anos. Entretanto, a m\u00e9dia na \u00faltima d\u00e9cada \u00e9 aproximadamente o dobro desse mesmo per\u00edodo, ou seja, a velocidade das altera\u00e7\u00f5es aumentou de forma alarmante. Nossos mares tamb\u00e9m t\u00eam absorvido o calor registrado, sendo que na superf\u00edcie a temperatura aumentou 0,17<sup>o<\/sup> C\u00e9lsius a partir de 1969. Desde o in\u00edcio da revolu\u00e7\u00e3o industrial a acidez dos mares aumentou em 30%, podendo parecer pouco mas s\u00e3o aumentos substanciais para a Biota marinha.<\/p>\n<p class=\"yiv9440617801MsoNormal\">\u00a0\u00a0\u00a0\u00a0\u00a0\u00a0\u00a0\u00a0\u00a0\u00a0\u00a0\u00a0\u00a0\u00a0 Ap\u00f3s tais considera\u00e7\u00f5es \u00e9 de se perguntar: todos estes fatos s\u00e3o ocasionais? Seriam, por acaso, acontecimentos isolados sem qualquer conex\u00e3o entre si? Tudo isto \u00e9 fortuito?<\/p>\n<p class=\"yiv9440617801MsoNormal\">\u00a0\u00a0\u00a0\u00a0\u00a0\u00a0\u00a0\u00a0\u00a0\u00a0\u00a0\u00a0\u00a0\u00a0 Agora a resposta \u00e9 &#8220;n\u00e3o&#8221;!<\/p>\n<p class=\"yiv9440617801MsoNormal\">\u00a0\u00a0\u00a0\u00a0\u00a0\u00a0\u00a0\u00a0\u00a0\u00a0\u00a0\u00a0\u00a0\u00a0 H\u00e1 muito entende-se que tudo est\u00e1 conectado e que se deve atuar no sentido de conscientizar a popula\u00e7\u00e3o do extremado perigo a que estamos submetidos. Estando ou n\u00e3o numa linha fronteiri\u00e7a que definir\u00e1 se poderemos reverter os efeitos do aquecimento global, o fato \u00e9 que a situa\u00e7\u00e3o \u00e9 grav\u00edssima e todos devem atuar em conjunto. A situa\u00e7\u00e3o deve ser enfrentada por todos.<\/p>\n<p class=\"yiv9440617801MsoNormal\">\u00a0\u00a0\u00a0\u00a0\u00a0\u00a0\u00a0\u00a0\u00a0\u00a0\u00a0\u00a0\u00a0\u00a0 Sabe-se que as reservas naturais do Brasil (metais preciosos, solo f\u00e9rtil, \u00edndice de insola\u00e7\u00e3o, grandes reservas h\u00eddricas, entre outros) s\u00e3o expressivas e est\u00e3o na mira de muitos pa\u00edses e empresas particulares, sendo imposs\u00edvel tratar de tudo num texto breve.<\/p>\n<p id=\"yui_3_16_0_ym19_1_1464868990355_42903\" class=\"yiv9440617801MsoNormal\">\u00a0\u00a0\u00a0\u00a0\u00a0\u00a0\u00a0\u00a0\u00a0\u00a0\u00a0\u00a0\u00a0\u00a0 Entretanto, n\u00e3o se pode deixar de falar sobre a destrui\u00e7\u00e3o de florestas para fins comerciais. Se contabilizado, as emiss\u00f5es desta destrui\u00e7\u00e3o corresponde a 20% daquela registrada pelo sistema de transporte (queima de petr\u00f3leo). Com o objetivo de &#8220;economizar&#8221; nos processos de desflorestamento, as empresas e plantadores em geral promovem a queima de milhares de hectares, sendo que a destrui\u00e7\u00e3o global de dois anos corresponde a uma \u00e1rea equivalente ao tamanho da Alemanha.<\/p>\n<p id=\"yui_3_16_0_ym19_1_1464868990355_42902\" class=\"yiv9440617801MsoNormal\">\u00a0\u00a0\u00a0\u00a0\u00a0\u00a0\u00a0\u00a0\u00a0\u00a0\u00a0\u00a0\u00a0\u00a0 Sob este aspecto, a Amaz\u00f4nia \u00e9 o grande exemplo brasileiro, pois est\u00e1 sendo arrasada, somente para que o agroneg\u00f3cio predador acrescente mais lucro nas contas de uns poucos.<\/p>\n<p id=\"yui_3_16_0_ym19_1_1464868990355_42900\" class=\"yiv9440617801MsoNormal\">\u00a0\u00a0\u00a0\u00a0\u00a0\u00a0\u00a0\u00a0\u00a0\u00a0\u00a0\u00a0\u00a0\u00a0 Localmente o nosso Bioma Pampa tamb\u00e9m \u00e9 agredido e, numa situa\u00e7\u00e3o alarmante, o desaparecimento de abelhas \u00e9 incontest\u00e1vel, gerando preocupa\u00e7\u00f5es n\u00e3o s\u00f3 para os apicultores mas para todos, j\u00e1 que esses insetos s\u00e3o respons\u00e1veis por aproximadamente 80% da poliniza\u00e7\u00e3o, ou seja, atuam na gera\u00e7\u00e3o de frutos e gr\u00e3os para as esp\u00e9cies humana e animal. Poliniza\u00e7\u00e3o significa a garantia da perpetua\u00e7\u00e3o da esp\u00e9cie de determinadas plantas. Desta forma as abelhas s\u00e3o a chave, a base principal para uma produ\u00e7\u00e3o rent\u00e1vel.<\/p>\n<p id=\"yui_3_16_0_ym19_1_1464868990355_42899\" class=\"yiv9440617801MsoNormal\">\u00a0\u00a0\u00a0\u00a0\u00a0\u00a0\u00a0\u00a0\u00a0\u00a0\u00a0\u00a0\u00a0\u00a0 Entretanto, a explora\u00e7\u00e3o de imensas \u00e1reas para as monoculturas (soja, milho), aplicam-se doses elevad\u00edssimas de venenos que v\u00eam dizimando n\u00e3o s\u00f3 as abelhas mas tamb\u00e9m envenenando os ga\u00fachos, que j\u00e1 estariam expostos a uma quantidade de venenos calculada em aproximadamente 7 litros\/pessoa\/ano. Tamb\u00e9m a transgenia, da forma irrespons\u00e1vel como \u00e9 desenvolvida, estaria interferindo negativamente na qualidade de vida de todos n\u00f3s, muito embora existam pol\u00edticos que criem projetos de lei para retirar o indicativo desse veneno no r\u00f3tulo dos produtos.<\/p>\n<p id=\"yui_3_16_0_ym19_1_1464868990355_42898\" class=\"yiv9440617801MsoNormal\">\u00a0\u00a0\u00a0\u00a0\u00a0\u00a0\u00a0\u00a0\u00a0\u00a0\u00a0\u00a0\u00a0\u00a0 Embora pare\u00e7a algo distante, o cuidado com o meio ambiente come\u00e7a dentro da casa de cada um, sendo important\u00edssimo o devido cuidado com o lixo, entre outros tantos exemplos. Esse \u00e9 um tema que responsabiliza todos n\u00f3s, n\u00e3o sendo adequado imaginar que o poder p\u00fablico ir\u00e1 resolver o problema isoladamente.<\/p>\n<p id=\"yui_3_16_0_ym19_1_1464868990355_42892\" class=\"yiv9440617801MsoNormal\">\u00a0\u00a0\u00a0\u00a0\u00a0\u00a0\u00a0\u00a0\u00a0\u00a0\u00a0\u00a0\u00a0\u00a0 Precisamos agir isoladamente e em conjunto!<\/p>\n<p class=\"yiv9440617801MsoNormal\"><a href=\"https:\/\/wp.ufpel.edu.br\/ib\/files\/2016\/06\/Imagem11.png\"><img class=\"alignnone size-medium wp-image-978\" src=\"https:\/\/wp.ufpel.edu.br\/ib\/files\/2016\/06\/Imagem11-424x237.png\" alt=\"Imagem11\" width=\"424\" height=\"237\" srcset=\"https:\/\/wp.ufpel.edu.br\/ib\/files\/2016\/06\/Imagem11-424x237.png 424w, https:\/\/wp.ufpel.edu.br\/ib\/files\/2016\/06\/Imagem11-212x119.png 212w, https:\/\/wp.ufpel.edu.br\/ib\/files\/2016\/06\/Imagem11-768x430.png 768w, https:\/\/wp.ufpel.edu.br\/ib\/files\/2016\/06\/Imagem11.png 2015w\" sizes=\"(max-width: 424px) 100vw, 424px\" \/><\/a><\/p>\n<p class=\"yiv9440617801MsoNormal\" style=\"text-align: center\"><span style=\"font-size: 14pt\">Aproveitamos para convid\u00e1-los para uma mesa redonda intitulada\u00a0<strong>&#8220;Servi\u00e7os Ambientais da Fauna&#8221;<\/strong> que ocorrer\u00e1 no dia <strong>08 de junho de 2016<\/strong>, \u00e0s <strong>12h45<\/strong>, na sala 06 do pr\u00e9dio 22, IB, Campus Cap\u00e3o do Le\u00e3o.<\/span><\/p>\n","protected":false},"excerpt":{"rendered":"<p>Semana do Meio Ambiente 2016 \u00a0\u00a0\u00a0\u00a0\u00a0\u00a0\u00a0\u00a0\u00a0\u00a0\u00a0\u00a0\u00a0\u00a0\u00a0 Entramos numa semana durante a qual o &#8220;meio ambiente&#8221; deveria estar no centro de nossas aten\u00e7\u00f5es. Contudo, parcela expressiva da popula\u00e7\u00e3o n\u00e3o tem no\u00e7\u00e3o e n\u00e3o \u00e9 devidamente alertada sobre esse tema fundamental que j\u00e1 trata da pr\u00f3pria subsist\u00eancia da esp\u00e9cie humana. \u00a0\u00a0\u00a0\u00a0\u00a0\u00a0\u00a0\u00a0\u00a0\u00a0\u00a0\u00a0\u00a0\u00a0 H\u00e1 muito tem-se v\u00e1rias entidades e [&hellip;]<\/p>\n","protected":false},"author":488,"featured_media":0,"comment_status":"closed","ping_status":"closed","sticky":false,"template":"","format":"standard","meta":{"jetpack_post_was_ever_published":false,"_jetpack_newsletter_access":"","_jetpack_dont_email_post_to_subs":false,"_jetpack_newsletter_tier_id":0,"_jetpack_memberships_contains_paywalled_content":false,"_jetpack_memberships_contains_paid_content":false,"footnotes":""},"categories":[10558],"tags":[],"class_list":["post-976","post","type-post","status-publish","format-standard","hentry","category-direcao"],"jetpack_featured_media_url":"","jetpack_sharing_enabled":true,"jetpack_shortlink":"https:\/\/wp.me\/p6S2gY-fK","_links":{"self":[{"href":"https:\/\/wp.ufpel.edu.br\/ib\/wp-json\/wp\/v2\/posts\/976","targetHints":{"allow":["GET"]}}],"collection":[{"href":"https:\/\/wp.ufpel.edu.br\/ib\/wp-json\/wp\/v2\/posts"}],"about":[{"href":"https:\/\/wp.ufpel.edu.br\/ib\/wp-json\/wp\/v2\/types\/post"}],"author":[{"embeddable":true,"href":"https:\/\/wp.ufpel.edu.br\/ib\/wp-json\/wp\/v2\/users\/488"}],"replies":[{"embeddable":true,"href":"https:\/\/wp.ufpel.edu.br\/ib\/wp-json\/wp\/v2\/comments?post=976"}],"version-history":[{"count":1,"href":"https:\/\/wp.ufpel.edu.br\/ib\/wp-json\/wp\/v2\/posts\/976\/revisions"}],"predecessor-version":[{"id":979,"href":"https:\/\/wp.ufpel.edu.br\/ib\/wp-json\/wp\/v2\/posts\/976\/revisions\/979"}],"wp:attachment":[{"href":"https:\/\/wp.ufpel.edu.br\/ib\/wp-json\/wp\/v2\/media?parent=976"}],"wp:term":[{"taxonomy":"category","embeddable":true,"href":"https:\/\/wp.ufpel.edu.br\/ib\/wp-json\/wp\/v2\/categories?post=976"},{"taxonomy":"post_tag","embeddable":true,"href":"https:\/\/wp.ufpel.edu.br\/ib\/wp-json\/wp\/v2\/tags?post=976"}],"curies":[{"name":"wp","href":"https:\/\/api.w.org\/{rel}","templated":true}]}}