{"id":969,"date":"2016-05-31T21:57:58","date_gmt":"2016-06-01T00:57:58","guid":{"rendered":"https:\/\/wp.ufpel.edu.br\/ib\/?p=969"},"modified":"2017-07-06T22:16:26","modified_gmt":"2017-07-07T01:16:26","slug":"969","status":"publish","type":"post","link":"https:\/\/wp.ufpel.edu.br\/ib\/2016\/05\/31\/969\/","title":{"rendered":"Palestra: &#8220;Como enxergar sem ver&#8221;"},"content":{"rendered":"<p id=\"yui_3_16_0_ym19_1_1464739835112_3620\" class=\"yiv3018294500MsoNormal\"><span id=\"yui_3_16_0_ym19_1_1464739835112_3621\"><a href=\"https:\/\/wp.ufpel.edu.br\/ib\/files\/2016\/05\/13344592_1398618830155631_8663933404302824844_n.jpg\"><img class=\"size-medium wp-image-971 alignleft\" src=\"https:\/\/wp.ufpel.edu.br\/ib\/files\/2016\/05\/13344592_1398618830155631_8663933404302824844_n-424x120.jpg\" alt=\"13344592_1398618830155631_8663933404302824844_n\" width=\"424\" height=\"120\" \/><\/a>Na pr\u00f3xima quinta feira, dia 02 de junho, \u00e0s 19 horas, ir\u00e1 acontecer a palestra &#8220;Como enxergar sem ver \u2013 Experi\u00eancia de uma aluna de Biologia da PUC-RJ&#8221;. Ser\u00e1 proferida pela Eduarda Emerick, no Museu do Doce da UFPEL, tamb\u00e9m conhecido por Casar\u00e3o 8, na Pra\u00e7a Cel. Pedro Os\u00f3rio.<\/span><\/p>\n<p id=\"yui_3_16_0_ym19_1_1464739835112_3631\" class=\"yiv3018294500MsoNormal\"><span id=\"yui_3_16_0_ym19_1_1464739835112_3645\">Este evento \u00e9 patrocinado pelo PIBID Biologia\/UFPEL, com o apoio do <\/span><span style=\"color: #000000\">Centro Acad\u00eamico de Ci\u00eancias Biol\u00f3gicas.<\/span><\/p>\n<p id=\"yui_3_16_0_ym19_1_1464739835112_3630\" class=\"yiv3018294500MsoNormal\"><span id=\"yui_3_16_0_ym19_1_1464739835112_3629\">A aluna do Curso de Ci\u00eancias Biol\u00f3gicas ir\u00e1 palestrar sobre suas viv\u00eancias enquanto deficiente visual, para cursar o Ensino Superior. A tem\u00e1tica da inclus\u00e3o, embora prevista na legisla\u00e7\u00e3o, ainda desafia as institui\u00e7\u00f5es, tanto que se refere a quest\u00f5es de infraestrutura e acessibilidade, quanto e, principalmente, nas pedag\u00f3gicas, tendo em vista ainda n\u00e3o contarmos com suficientes recursos, metodologias e materiais adaptados que possibilitem a estes estudantes o pleno acesso ao seus direitos de aprendizagem e pertencimento.<\/span><\/p>\n<p id=\"yui_3_16_0_ym19_1_1464739835112_6910\" class=\"yiv3018294500MsoNormal\"><span id=\"yui_3_16_0_ym19_1_1464739835112_6919\">Desta forma, convidamos professores, alunos e comunidade em geral, para debater este tema, fundamental e necess\u00e1rio.<\/span><\/p>\n","protected":false},"excerpt":{"rendered":"<p>Na pr\u00f3xima quinta feira, dia 02 de junho, \u00e0s 19 horas, ir\u00e1 acontecer a palestra &#8220;Como enxergar sem ver \u2013 Experi\u00eancia de uma aluna de Biologia da PUC-RJ&#8221;. Ser\u00e1 proferida pela Eduarda Emerick, no Museu do Doce da UFPEL, tamb\u00e9m conhecido por Casar\u00e3o 8, na Pra\u00e7a Cel. Pedro Os\u00f3rio. Este evento \u00e9 patrocinado pelo PIBID [&hellip;]<\/p>\n","protected":false},"author":488,"featured_media":0,"comment_status":"closed","ping_status":"closed","sticky":false,"template":"","format":"standard","meta":{"jetpack_post_was_ever_published":false,"_jetpack_newsletter_access":"","_jetpack_dont_email_post_to_subs":false,"_jetpack_newsletter_tier_id":0,"_jetpack_memberships_contains_paywalled_content":false,"_jetpack_memberships_contains_paid_content":false,"footnotes":""},"categories":[10559],"tags":[],"class_list":["post-969","post","type-post","status-publish","format-standard","hentry","category-divulgacao"],"jetpack_featured_media_url":"","jetpack_sharing_enabled":true,"jetpack_shortlink":"https:\/\/wp.me\/s6S2gY-969","_links":{"self":[{"href":"https:\/\/wp.ufpel.edu.br\/ib\/wp-json\/wp\/v2\/posts\/969","targetHints":{"allow":["GET"]}}],"collection":[{"href":"https:\/\/wp.ufpel.edu.br\/ib\/wp-json\/wp\/v2\/posts"}],"about":[{"href":"https:\/\/wp.ufpel.edu.br\/ib\/wp-json\/wp\/v2\/types\/post"}],"author":[{"embeddable":true,"href":"https:\/\/wp.ufpel.edu.br\/ib\/wp-json\/wp\/v2\/users\/488"}],"replies":[{"embeddable":true,"href":"https:\/\/wp.ufpel.edu.br\/ib\/wp-json\/wp\/v2\/comments?post=969"}],"version-history":[{"count":2,"href":"https:\/\/wp.ufpel.edu.br\/ib\/wp-json\/wp\/v2\/posts\/969\/revisions"}],"predecessor-version":[{"id":1089,"href":"https:\/\/wp.ufpel.edu.br\/ib\/wp-json\/wp\/v2\/posts\/969\/revisions\/1089"}],"wp:attachment":[{"href":"https:\/\/wp.ufpel.edu.br\/ib\/wp-json\/wp\/v2\/media?parent=969"}],"wp:term":[{"taxonomy":"category","embeddable":true,"href":"https:\/\/wp.ufpel.edu.br\/ib\/wp-json\/wp\/v2\/categories?post=969"},{"taxonomy":"post_tag","embeddable":true,"href":"https:\/\/wp.ufpel.edu.br\/ib\/wp-json\/wp\/v2\/tags?post=969"}],"curies":[{"name":"wp","href":"https:\/\/api.w.org\/{rel}","templated":true}]}}