{"id":931,"date":"2016-04-11T11:55:04","date_gmt":"2016-04-11T14:55:04","guid":{"rendered":"https:\/\/wp.ufpel.edu.br\/ib\/?p=931"},"modified":"2017-07-06T22:17:00","modified_gmt":"2017-07-07T01:17:00","slug":"estudantes-do-ib-auxiliam-na-revitalizacao-do-horto-botanico-irmao-teodoro-luis","status":"publish","type":"post","link":"https:\/\/wp.ufpel.edu.br\/ib\/2016\/04\/11\/estudantes-do-ib-auxiliam-na-revitalizacao-do-horto-botanico-irmao-teodoro-luis\/","title":{"rendered":"Estudantes do IB auxiliam na revitaliza\u00e7\u00e3o do Horto Bot\u00e2nico Irm\u00e3o Teodoro  Luis"},"content":{"rendered":"<p>Com Intuito de integrar os estudantes dos cursos de Biologia, professores e funcion\u00e1rios, realizaremos um encontro no pr\u00f3ximo dia 17\/04\/2016 (Domingo) para uma atividade conjunta com a finalidade de auxiliar na revitaliza\u00e7\u00e3o do Horto Bot\u00e2nico Irm\u00e3o Teodoro Lu\u00eds, com sa\u00edda \u00e1s 08:00h em frente a casa dos estudantes.<\/p>\n","protected":false},"excerpt":{"rendered":"<p>Com Intuito de integrar os estudantes dos cursos de Biologia, professores e funcion\u00e1rios, realizaremos um encontro no pr\u00f3ximo dia 17\/04\/2016 (Domingo) para uma atividade conjunta com a finalidade de auxiliar na revitaliza\u00e7\u00e3o do Horto Bot\u00e2nico Irm\u00e3o Teodoro Lu\u00eds, com sa\u00edda \u00e1s 08:00h em frente a casa dos estudantes.<\/p>\n","protected":false},"author":488,"featured_media":0,"comment_status":"closed","ping_status":"closed","sticky":false,"template":"","format":"standard","meta":{"jetpack_post_was_ever_published":false,"_jetpack_newsletter_access":"","_jetpack_dont_email_post_to_subs":false,"_jetpack_newsletter_tier_id":0,"_jetpack_memberships_contains_paywalled_content":false,"_jetpack_memberships_contains_paid_content":false,"footnotes":""},"categories":[10558],"tags":[],"class_list":["post-931","post","type-post","status-publish","format-standard","hentry","category-direcao"],"jetpack_featured_media_url":"","jetpack_sharing_enabled":true,"jetpack_shortlink":"https:\/\/wp.me\/p6S2gY-f1","_links":{"self":[{"href":"https:\/\/wp.ufpel.edu.br\/ib\/wp-json\/wp\/v2\/posts\/931","targetHints":{"allow":["GET"]}}],"collection":[{"href":"https:\/\/wp.ufpel.edu.br\/ib\/wp-json\/wp\/v2\/posts"}],"about":[{"href":"https:\/\/wp.ufpel.edu.br\/ib\/wp-json\/wp\/v2\/types\/post"}],"author":[{"embeddable":true,"href":"https:\/\/wp.ufpel.edu.br\/ib\/wp-json\/wp\/v2\/users\/488"}],"replies":[{"embeddable":true,"href":"https:\/\/wp.ufpel.edu.br\/ib\/wp-json\/wp\/v2\/comments?post=931"}],"version-history":[{"count":3,"href":"https:\/\/wp.ufpel.edu.br\/ib\/wp-json\/wp\/v2\/posts\/931\/revisions"}],"predecessor-version":[{"id":935,"href":"https:\/\/wp.ufpel.edu.br\/ib\/wp-json\/wp\/v2\/posts\/931\/revisions\/935"}],"wp:attachment":[{"href":"https:\/\/wp.ufpel.edu.br\/ib\/wp-json\/wp\/v2\/media?parent=931"}],"wp:term":[{"taxonomy":"category","embeddable":true,"href":"https:\/\/wp.ufpel.edu.br\/ib\/wp-json\/wp\/v2\/categories?post=931"},{"taxonomy":"post_tag","embeddable":true,"href":"https:\/\/wp.ufpel.edu.br\/ib\/wp-json\/wp\/v2\/tags?post=931"}],"curies":[{"name":"wp","href":"https:\/\/api.w.org\/{rel}","templated":true}]}}