{"id":906,"date":"2016-03-23T14:21:08","date_gmt":"2016-03-23T17:21:08","guid":{"rendered":"https:\/\/wp.ufpel.edu.br\/ib\/?p=906"},"modified":"2017-07-06T22:17:54","modified_gmt":"2017-07-07T01:17:54","slug":"convite-a-comunidade-do-ib-para-as-atividades-no-dia-28-de-marco-de-2016","status":"publish","type":"post","link":"https:\/\/wp.ufpel.edu.br\/ib\/2016\/03\/23\/convite-a-comunidade-do-ib-para-as-atividades-no-dia-28-de-marco-de-2016\/","title":{"rendered":"Convite \u00e0 comunidade do IB para as atividades no dia 28 de Mar\u00e7o de 2016"},"content":{"rendered":"<p>Caros amigos,<\/p>\n<p>&nbsp;<\/p>\n<p>Dia 28 de mar\u00e7o de 2016, segunda-feira, estaremos desenvolvendo v\u00e1rias atividades dentro do nosso Instituto de Biologia e seria uma grande alegria contar com a presen\u00e7a de todos os colegas do Instituto.<\/p>\n<div class=\"ecxgmail_default\">\n<p class=\"ecxMsoNormal\">\u00a0\u00a0\u00a0\u00a0\u00a0\u00a0\u00a0\u00a0\u00a0\u00a0\u00a0\u00a0\u00a0\u00a0 A portaria da nossa cria\u00e7\u00e3o \u00e9 do dia 20 de fevereiro de 1969, ou seja, j\u00e1 com 47 anos completos, dirigimo-nos c\u00e9leres para meio s\u00e9culo de vida. Assim sendo, gostar\u00edamos de resgatar nossa hist\u00f3ria que foi, a bem da verdade, constru\u00edda e teve a inestim\u00e1vel colabora\u00e7\u00e3o de cada um de voc\u00eas.<\/p>\n<p class=\"ecxMsoNormal\">\u00a0 \u00a0 \u00a0 \u00a0 \u00a0 \u00a0 \u00a0 \u00a0Assim, \u00e0s 9 h estaremos inaugurando o retrato\u00a0da Prof<sup>a<\/sup> Dr<sup>a<\/sup> Gladis Aver Ribeiro na galeria dos ex-diretores do IB e, \u00e0s 10 h, contaremos com os Professores Doutores Vicente de Paulo Johnscher Guarenti, Jos\u00e9 da Costa Sacco\u00a0e Paulo Bretanha Ribeiro historicizando acontecimentos e fatos que levaram \u00e0 nossa cria\u00e7\u00e3o e consolida\u00e7\u00e3o. \u00c0s 12h, teremos uma assembleia onde ser\u00e1 apresentado o andamento da gest\u00e3o da atual dire\u00e7\u00e3o\u00a0do Instituto e as metas elencadas no Conselho Departamental para 2016.<\/p>\n<p class=\"ecxMsoNormal\">\u00a0\u00a0\u00a0\u00a0\u00a0\u00a0\u00a0\u00a0\u00a0\u00a0\u00a0\u00a0\u00a0\u00a0 Fraternalmente aguardamos sua presen\u00e7a, para que esse dia possa ser de plena satisfa\u00e7\u00e3o.<\/p>\n<p class=\"ecxMsoNormal\">\u00a0\u00a0\u00a0\u00a0\u00a0\u00a0\u00a0\u00a0\u00a0\u00a0\u00a0\u00a0\u00a0\u00a0 Cordialmente,<\/p>\n<p class=\"ecxMsoNormal\">\n<\/div>\n<p class=\"ecxMsoNormal\" style=\"text-align: center\">Althen Teixeira Filho<\/p>\n<p class=\"ecxMsoNormal\" style=\"text-align: center\">Diretor do Instituto de Biologia<\/p>\n<p class=\"ecxMsoNormal\" style=\"text-align: center\">Marco Silva Gottschalk<\/p>\n<p class=\"ecxMsoNormal\" style=\"text-align: center\">Vice-diretor do Instituto de Biologia<\/p>\n","protected":false},"excerpt":{"rendered":"<p>Caros amigos, &nbsp; Dia 28 de mar\u00e7o de 2016, segunda-feira, estaremos desenvolvendo v\u00e1rias atividades dentro do nosso Instituto de Biologia e seria uma grande alegria contar com a presen\u00e7a de todos os colegas do Instituto. \u00a0\u00a0\u00a0\u00a0\u00a0\u00a0\u00a0\u00a0\u00a0\u00a0\u00a0\u00a0\u00a0\u00a0 A portaria da nossa cria\u00e7\u00e3o \u00e9 do dia 20 de fevereiro de 1969, ou seja, j\u00e1 com 47 anos [&hellip;]<\/p>\n","protected":false},"author":488,"featured_media":0,"comment_status":"closed","ping_status":"closed","sticky":false,"template":"","format":"standard","meta":{"jetpack_post_was_ever_published":false,"_jetpack_newsletter_access":"","_jetpack_dont_email_post_to_subs":false,"_jetpack_newsletter_tier_id":0,"_jetpack_memberships_contains_paywalled_content":false,"_jetpack_memberships_contains_paid_content":false,"footnotes":""},"categories":[10558],"tags":[],"class_list":["post-906","post","type-post","status-publish","format-standard","hentry","category-direcao"],"jetpack_featured_media_url":"","jetpack_sharing_enabled":true,"jetpack_shortlink":"https:\/\/wp.me\/p6S2gY-eC","_links":{"self":[{"href":"https:\/\/wp.ufpel.edu.br\/ib\/wp-json\/wp\/v2\/posts\/906","targetHints":{"allow":["GET"]}}],"collection":[{"href":"https:\/\/wp.ufpel.edu.br\/ib\/wp-json\/wp\/v2\/posts"}],"about":[{"href":"https:\/\/wp.ufpel.edu.br\/ib\/wp-json\/wp\/v2\/types\/post"}],"author":[{"embeddable":true,"href":"https:\/\/wp.ufpel.edu.br\/ib\/wp-json\/wp\/v2\/users\/488"}],"replies":[{"embeddable":true,"href":"https:\/\/wp.ufpel.edu.br\/ib\/wp-json\/wp\/v2\/comments?post=906"}],"version-history":[{"count":4,"href":"https:\/\/wp.ufpel.edu.br\/ib\/wp-json\/wp\/v2\/posts\/906\/revisions"}],"predecessor-version":[{"id":911,"href":"https:\/\/wp.ufpel.edu.br\/ib\/wp-json\/wp\/v2\/posts\/906\/revisions\/911"}],"wp:attachment":[{"href":"https:\/\/wp.ufpel.edu.br\/ib\/wp-json\/wp\/v2\/media?parent=906"}],"wp:term":[{"taxonomy":"category","embeddable":true,"href":"https:\/\/wp.ufpel.edu.br\/ib\/wp-json\/wp\/v2\/categories?post=906"},{"taxonomy":"post_tag","embeddable":true,"href":"https:\/\/wp.ufpel.edu.br\/ib\/wp-json\/wp\/v2\/tags?post=906"}],"curies":[{"name":"wp","href":"https:\/\/api.w.org\/{rel}","templated":true}]}}