{"id":6023,"date":"2026-03-05T11:54:18","date_gmt":"2026-03-05T14:54:18","guid":{"rendered":"https:\/\/wp.ufpel.edu.br\/ib\/?p=6023"},"modified":"2026-03-05T11:55:03","modified_gmt":"2026-03-05T14:55:03","slug":"reuniao-extraordinaria-conselho-departamental-mes-de-marco-de-2026","status":"publish","type":"post","link":"https:\/\/wp.ufpel.edu.br\/ib\/2026\/03\/05\/reuniao-extraordinaria-conselho-departamental-mes-de-marco-de-2026\/","title":{"rendered":"Reuni\u00e3o extraordin\u00e1ria Conselho Departamental m\u00eas de mar\u00e7o de 2026"},"content":{"rendered":"<p>Em aten\u00e7\u00e3o ao Art. 10\u00ba ,\u00a0 \u00a71\u00ba disponibiliza-se a convoca\u00e7\u00e3o da reuni\u00e3o extraordin\u00e1ria do Conselho Departamental no m\u00eas de mar\u00e7o de 2026. \u00a0 O Senhor Vice-Diretor do Instituto de Biologia no exerc\u00edcio da Dire\u00e7\u00e3o e na Presid\u00eancia do Conselho Departamental, Prof. Gilson de Mendon\u00e7a, vem convocar Vossa Senhoria para reuni\u00e3o extraordin\u00e1ria deste, a realizar-se dia 02 de mar\u00e7o de 2026, \u00e0s 10h10min na sala do Conselho, Passeio Andr\u00e9 Dreyfuss, s\/n junto a Secretaria do Instituto de Biologia. <strong>ORDEM DO DIA:<\/strong><\/p>\n<p>1) Processo n\u00ba. 23110.042401\/2025-51 \u2013 Concurso p\u00fablico para professor efetivo, Edital CAP 34\/2025, \u00e1rea de Gen\u00e9tica Animal \u2013 Homologa\u00e7\u00e3o de inscri\u00e7\u00f5es, banca examinadora e cronograma.<br \/>\n2) Processo n\u00ba. 23110.030619\/2025-63\u2013 Concurso p\u00fablico para professor efetivo, Edital CAP 34\/2025, \u00e1rea de Ensino de Ci\u00eancias e Biologia \u2013 Homologa\u00e7\u00e3o de inscri\u00e7\u00f5es, banca examinadora e cronograma.<\/p>\n<p style=\"text-align: right;\">Pelotas, 27 de fevereiro de 202<\/p>\n","protected":false},"excerpt":{"rendered":"<p>Em aten\u00e7\u00e3o ao Art. 10\u00ba ,\u00a0 \u00a71\u00ba disponibiliza-se a convoca\u00e7\u00e3o da reuni\u00e3o extraordin\u00e1ria do Conselho Departamental no m\u00eas de mar\u00e7o de 2026. \u00a0 O Senhor Vice-Diretor do Instituto de Biologia no exerc\u00edcio da Dire\u00e7\u00e3o e na Presid\u00eancia do Conselho Departamental, Prof. Gilson de Mendon\u00e7a, vem convocar Vossa Senhoria para reuni\u00e3o extraordin\u00e1ria deste, a realizar-se dia [&hellip;]<\/p>\n","protected":false},"author":488,"featured_media":0,"comment_status":"closed","ping_status":"closed","sticky":false,"template":"","format":"standard","meta":{"jetpack_post_was_ever_published":false,"_jetpack_newsletter_access":"","_jetpack_dont_email_post_to_subs":false,"_jetpack_newsletter_tier_id":0,"_jetpack_memberships_contains_paywalled_content":false,"_jetpack_memberships_contains_paid_content":false,"footnotes":""},"categories":[18],"tags":[],"class_list":["post-6023","post","type-post","status-publish","format-standard","hentry","category-sem-categoria"],"jetpack_featured_media_url":"","jetpack_sharing_enabled":true,"jetpack_shortlink":"https:\/\/wp.me\/p6S2gY-1z9","_links":{"self":[{"href":"https:\/\/wp.ufpel.edu.br\/ib\/wp-json\/wp\/v2\/posts\/6023","targetHints":{"allow":["GET"]}}],"collection":[{"href":"https:\/\/wp.ufpel.edu.br\/ib\/wp-json\/wp\/v2\/posts"}],"about":[{"href":"https:\/\/wp.ufpel.edu.br\/ib\/wp-json\/wp\/v2\/types\/post"}],"author":[{"embeddable":true,"href":"https:\/\/wp.ufpel.edu.br\/ib\/wp-json\/wp\/v2\/users\/488"}],"replies":[{"embeddable":true,"href":"https:\/\/wp.ufpel.edu.br\/ib\/wp-json\/wp\/v2\/comments?post=6023"}],"version-history":[{"count":2,"href":"https:\/\/wp.ufpel.edu.br\/ib\/wp-json\/wp\/v2\/posts\/6023\/revisions"}],"predecessor-version":[{"id":6026,"href":"https:\/\/wp.ufpel.edu.br\/ib\/wp-json\/wp\/v2\/posts\/6023\/revisions\/6026"}],"wp:attachment":[{"href":"https:\/\/wp.ufpel.edu.br\/ib\/wp-json\/wp\/v2\/media?parent=6023"}],"wp:term":[{"taxonomy":"category","embeddable":true,"href":"https:\/\/wp.ufpel.edu.br\/ib\/wp-json\/wp\/v2\/categories?post=6023"},{"taxonomy":"post_tag","embeddable":true,"href":"https:\/\/wp.ufpel.edu.br\/ib\/wp-json\/wp\/v2\/tags?post=6023"}],"curies":[{"name":"wp","href":"https:\/\/api.w.org\/{rel}","templated":true}]}}