{"id":5882,"date":"2025-11-19T17:08:39","date_gmt":"2025-11-19T20:08:39","guid":{"rendered":"https:\/\/wp.ufpel.edu.br\/ib\/?p=5882"},"modified":"2025-11-19T17:08:44","modified_gmt":"2025-11-19T20:08:44","slug":"reuniao-ordinaria-conselho-departamental-mes-de-novembro-de-2025","status":"publish","type":"post","link":"https:\/\/wp.ufpel.edu.br\/ib\/2025\/11\/19\/reuniao-ordinaria-conselho-departamental-mes-de-novembro-de-2025\/","title":{"rendered":"Reuni\u00e3o ordin\u00e1ria Conselho Departamental m\u00eas de novembro de 2025"},"content":{"rendered":"<p><strong>\u00a0<\/strong>Em aten\u00e7\u00e3o ao Art. 10\u00ba ,\u00a0 \u00a71\u00ba disponibiliza-se a convoca\u00e7\u00e3o da reuni\u00e3o ordin\u00e1ria do Conselho Departamental no m\u00eas de novembro de 2025. \u00a0 O Senhor Diretor do Instituto de Biologia e Presidente do Conselho Departamental, Prof. Luiz Fernando Minello, vem convocar Vossa Senhoria para reuni\u00e3o ordin\u00e1ria deste, a realizar-se dia 25 de outubro de 2025, \u00e0s 14h15min na sala do Conselho, Passeio Andr\u00e9 Dreyfuss, s\/n junto a Secretaria do Instituto de Biologia.\u00a0<strong>ORDEM DO DIA:<\/strong><\/p>\n<p><strong>\u00a0<\/strong><strong>1) Aprecia\u00e7\u00e3o da pauta \u2013\u00a0 <\/strong><\/p>\n<p><strong>2) Informes \u2013<\/strong><\/p>\n<p><strong>a) Processo n\u00ba 23110.027304\/2025-39 &#8211;<\/strong> Encargos did\u00e1ticos das disciplinas {TCC I (09930002)\/DEZG C.4; TCC II (0993006)\/DEZG C.4; TCC III (09930008)\/DEZG C.4; Est\u00e1gio Profissionalizante I\/DB (09930003); Est\u00e1gio Profissionalizante II\/DFF (09930004); Est\u00e1gio Profissionalizante III\/DM (09930005); Est\u00e1gio Profissionalizante IV\/DMP (09930007)} citadas no Memorando cento e dezessete (Memo 117, 3163698). Anexo <strong>b) Processo n\u00ba. \u00a0039781\/2025-47 \u2013<\/strong> Memorando-Circular 7 (3405533) Coleta de eletroeletr\u00f4nicos em desuso n\u00e3o patrimoni\u00e1veis do ano de 2025 ser\u00e1 realizada no dia 27\/11\/25, prazo da unidade 24\/11\/2025;<\/p>\n<p><strong>c) Processo n\u00ba 23110.040951\/2025-36 \u2013 <\/strong>Memorando 81 (3429707) Informa\u00e7\u00f5es site da Superintend\u00eancia do Campus Cap\u00e3o do Le\u00e3o (SCCL);<\/p>\n<p><strong>\u00a0d) \u00a0Processo n\u00ba. 23110.043313\/2025-77 \u2013 <\/strong>Memorando-Circular 7 (3475377) Subs\u00eddios para preenchimento do relat\u00f3rio anual de execu\u00e7\u00e3o do Plano de Desenvolvimento de Pessoas &#8211; PDP;<\/p>\n<p><strong>e) Processo n\u00ba.<\/strong> <strong>041883\/2025-22 \u2013 <\/strong>Memorando 53 (3451731) Pol\u00edtica de Coordenadores da Universidade Federal de Pelotas, 02 de dezembro de 2025 \u00e0s 14h<strong>;<\/strong><\/p>\n<p><strong>f) Processo n\u00b0. 23110.041946\/2025-41 \u2013 <\/strong>Manifesta\u00e7\u00e3o dessa Unidade quanto aos bens patrimoniais que constam como n\u00e3o localizados, com mais de 30 anos at\u00e9 dia 25\/11;<\/p>\n<p><strong>g) Processo n\u00ba 23110.041239\/2025-54<\/strong> &#8211; Memorando 50 (3438135) materiais de apoio para elabora\u00e7\u00e3o do projeto institucional e celebra\u00e7\u00e3o do contrato com a FDMS, em atendimento \u00e0 Portaria n\u00ba 197, de 17 de julho de 2025;<\/p>\n<p><strong>h) Processo n\u00ba<\/strong> <strong>040745\/2025-26 &#8211; <\/strong>Memorando-Circular 4 (3424671) segunda etapa do processo avaliativo dos(as) servidores(as) T\u00e9cnico-Administrativos(as) em Educa\u00e7\u00e3o at\u00e9 30\/11\/2025;<\/p>\n<p><strong>i) Outros comunicados &#8211; \u00a0\u00a0<\/strong><\/p>\n<ol start=\"3\">\n<li><strong>Comiss\u00f5es \u2013 <\/strong><\/li>\n<\/ol>\n<p><strong>3.1 Comiss\u00e3o de Finan\u00e7as, Legisla\u00e7\u00e3o e Normas \u2013<\/strong><\/p>\n<p><strong>a) Processo n\u00ba.<\/strong> <strong>040943\/2025-90<\/strong> <strong>&#8211; <\/strong><em>Ad referendum<\/em> do Conselho Departamental o pedido de aproveitamento de vaga do Edital 017\/2022 para a \u00c1rea de Parasitologia aposentadoria Nara Amelia da Rosa Farias &#8211; DMP;<\/p>\n<p><strong>b) Processo n\u00ba. 23110.036057\/2025-61 \u2013 <\/strong><em>Ad referendum<\/em> delibera\u00e7\u00f5es acerca da homologa\u00e7\u00e3o dos candidatos, data e banca do processo seletivo edital CAP 25\/2025 da \u00e1rea de Anatomia Humana, vinculado do Departamento de Morfologia no formul\u00e1rio PROGEP Homologa\u00e7\u00e3o de Inscri\u00e7\u00f5es Prof. Substituto (3463459) &#8211; DM;<\/p>\n<p><strong>c) Processo n\u00ba. 23110.033789\/2025-08 &#8211;<\/strong> <em>Ad referendum<\/em> do Conselho Departamental do IB as delibera\u00e7\u00f5es acerca da homologa\u00e7\u00e3o de inscri\u00e7\u00f5es e demais informa\u00e7\u00f5es referentes ao processo seletivo professor substituto \u00e1rea de Ecologia, Departamento de Ecologia, Zoologia e Gen\u00e9tica do Instituto de Biologia homologa\u00e7\u00f5es de inscri\u00e7\u00f5es, banca, data e hor\u00e1rio &#8211; DEZG;<\/p>\n<p><strong>d) Processo n\u00ba. 23110.038002\/2025-96 &#8211; <\/strong><em>Ad referendum<\/em> requerimento de afastamento do Prof. Gustavo Maia Souza para a realiza\u00e7\u00e3o de est\u00e1gio de p\u00f3s-doutoramento na Universidade Estadual de Campinas (UNICAMP), no per\u00edodo de 01\/03\/2026 a 31\/12\/2026 &#8211; DB;<\/p>\n<p><strong>\u00a0<\/strong><strong>3.2) Comiss\u00e3o de Pesquisa \u2013 <\/strong><\/p>\n<p><strong>a) Processo n\u00ba. 038822\/2025-88 &#8211;<\/strong> Projeto unificado com \u00eanfase em pesquisa &#8220;Estrat\u00e9gias de hist\u00f3ria de vida das esp\u00e9cies de aranhas-marrom (Araneae, Sicariidae, <em>Loxosceles<\/em>) registradas para Pelotas&#8221;, coordenado pelo Prof. Dr. Luiz Ernesto Costa-Schmidt &#8211; DEZG;<\/p>\n<p><strong>3.3) Comiss\u00e3o de Ensino e Extens\u00e3o \u2013 <\/strong><\/p>\n<p><strong>a) Processo n\u00ba.<\/strong> <strong>018013\/2025-50<\/strong><strong> &#8211;<\/strong> <em>Ad referendum<\/em> \u00a0prorroga\u00e7\u00e3o do projeto com \u00eanfase em ensino Utilidade de Indicadores e Relat\u00f3rios de Sistemas de Informa\u00e7\u00e3o para a Avalia\u00e7\u00e3o dos Cursos de Gradua\u00e7\u00e3o em Ci\u00eancias Biol\u00f3gicas da Universidade Federal de Pelotas (UFPel)&#8221;, sob coordena\u00e7\u00e3o da Prof.\u00aa Mabel Wiegand &#8211; DFF;<\/p>\n<p><strong>b) Processo n\u00ba.<\/strong> <strong>040895\/2025-30 &#8211;<\/strong> Projeto unificado com \u00eanfase em extens\u00e3o &#8211;\u00a0 Requalifica\u00e7\u00e3o, amplia\u00e7\u00e3o das infraestruturas e fortalecimento das a\u00e7\u00f5es de bem-estar para o atendimento na reabilita\u00e7\u00e3o de fauna silvestre no Sul do Rio Grande do Sul (3428395) sob coordena\u00e7\u00e3o do professor Luiz Fernando Minello e Raqueli Terezinha Fran\u00e7a \u2013 DM e DCV;<\/p>\n<ol start=\"4\">\n<li style=\"text-align: left;\"><strong> Outros assuntos \u2013\u00a0 <\/strong><strong style=\"text-align: justify;\">\u00a0Pelotas, 14 de novembro de 2025<\/strong><\/li>\n<\/ol>\n","protected":false},"excerpt":{"rendered":"<p>\u00a0Em aten\u00e7\u00e3o ao Art. 10\u00ba ,\u00a0 \u00a71\u00ba disponibiliza-se a convoca\u00e7\u00e3o da reuni\u00e3o ordin\u00e1ria do Conselho Departamental no m\u00eas de novembro de 2025. \u00a0 O Senhor Diretor do Instituto de Biologia e Presidente do Conselho Departamental, Prof. Luiz Fernando Minello, vem convocar Vossa Senhoria para reuni\u00e3o ordin\u00e1ria deste, a realizar-se dia 25 de outubro de 2025, [&hellip;]<\/p>\n","protected":false},"author":488,"featured_media":0,"comment_status":"closed","ping_status":"closed","sticky":false,"template":"","format":"standard","meta":{"jetpack_post_was_ever_published":false,"_jetpack_newsletter_access":"","_jetpack_dont_email_post_to_subs":false,"_jetpack_newsletter_tier_id":0,"_jetpack_memberships_contains_paywalled_content":false,"_jetpack_memberships_contains_paid_content":false,"footnotes":""},"categories":[18],"tags":[],"class_list":["post-5882","post","type-post","status-publish","format-standard","hentry","category-sem-categoria"],"jetpack_featured_media_url":"","jetpack_sharing_enabled":true,"jetpack_shortlink":"https:\/\/wp.me\/p6S2gY-1wS","_links":{"self":[{"href":"https:\/\/wp.ufpel.edu.br\/ib\/wp-json\/wp\/v2\/posts\/5882","targetHints":{"allow":["GET"]}}],"collection":[{"href":"https:\/\/wp.ufpel.edu.br\/ib\/wp-json\/wp\/v2\/posts"}],"about":[{"href":"https:\/\/wp.ufpel.edu.br\/ib\/wp-json\/wp\/v2\/types\/post"}],"author":[{"embeddable":true,"href":"https:\/\/wp.ufpel.edu.br\/ib\/wp-json\/wp\/v2\/users\/488"}],"replies":[{"embeddable":true,"href":"https:\/\/wp.ufpel.edu.br\/ib\/wp-json\/wp\/v2\/comments?post=5882"}],"version-history":[{"count":1,"href":"https:\/\/wp.ufpel.edu.br\/ib\/wp-json\/wp\/v2\/posts\/5882\/revisions"}],"predecessor-version":[{"id":5884,"href":"https:\/\/wp.ufpel.edu.br\/ib\/wp-json\/wp\/v2\/posts\/5882\/revisions\/5884"}],"wp:attachment":[{"href":"https:\/\/wp.ufpel.edu.br\/ib\/wp-json\/wp\/v2\/media?parent=5882"}],"wp:term":[{"taxonomy":"category","embeddable":true,"href":"https:\/\/wp.ufpel.edu.br\/ib\/wp-json\/wp\/v2\/categories?post=5882"},{"taxonomy":"post_tag","embeddable":true,"href":"https:\/\/wp.ufpel.edu.br\/ib\/wp-json\/wp\/v2\/tags?post=5882"}],"curies":[{"name":"wp","href":"https:\/\/api.w.org\/{rel}","templated":true}]}}