{"id":5653,"date":"2025-07-08T15:45:48","date_gmt":"2025-07-08T18:45:48","guid":{"rendered":"https:\/\/wp.ufpel.edu.br\/ib\/?p=5653"},"modified":"2025-07-08T15:45:55","modified_gmt":"2025-07-08T18:45:55","slug":"eleicoes-para-a-coordenacao-do-centro-academico-da-biologia","status":"publish","type":"post","link":"https:\/\/wp.ufpel.edu.br\/ib\/2025\/07\/08\/eleicoes-para-a-coordenacao-do-centro-academico-da-biologia\/","title":{"rendered":"ELEI\u00c7\u00d5ES para a COORDENA\u00c7\u00c3O do Centro Acad\u00eamico da BIOLOGIA"},"content":{"rendered":"<div dir=\"auto\" style=\"text-align: justify;\" data-olk-copy-source=\"MessageBody\">\u00a0A comiss\u00e3o organizadora das Elei\u00e7\u00f5es divulga o <a href=\"https:\/\/drive.google.com\/file\/d\/1OgO7IuvqzC2lrGh1rE5ajujrzoqL__2-\/view?usp=sharing\" target=\"_blank\" rel=\"noopener\"><span style=\"background-color: #ffff00;\">edital<\/span><\/a> para inscri\u00e7\u00f5es das chapas aos cargos de Coordena\u00e7\u00e3o geral, Coordena\u00e7\u00e3o adjunta e demais do Centro Acad\u00eamico de Biologia dos cursos de Licenciatura e Bacharelado. As inscri\u00e7\u00f5es ser\u00e3o aceitas do dia 7 de julho de 2025 ao dia 11 de julho de 2025, conforme o edital. A consulta acad\u00eamica ser\u00e1 realizada a partir do dia 05\/08 at\u00e9 o dia 06\/08 via Sistema Vota\u00e7\u00e3o UFPel &#8211; Helios Voting e urna f\u00edsica, que ficar\u00e1 no Colegiado dos cursos de Ci\u00eancias Biol\u00f3gicas para os votantes que n\u00e3o conseguirem acessar a plataforma.<\/div>\n<div dir=\"auto\" style=\"text-align: justify;\">\u00a0O eleitor receber\u00e1 em seu <em>email<\/em> cadastrado como principal no cobalto, uma mensagem eletr\u00f4nica do sistema de vota\u00e7\u00e3o com o link para a cabine de vota\u00e7\u00e3o da consulta, neste <em>email<\/em> ser\u00e3o fornecidos<em> login<\/em> e senha de acesso individuais para a cabine de vota\u00e7\u00e3o, deve-se dar aten\u00e7\u00e3o para a confer\u00eancia do link recebido, que deve iniciar com\u00a0<a title=\"http:\/\/votacao.ufpel.edu.br\" href=\"http:\/\/votacao.ufpel.edu.br\/\" target=\"_blank\" rel=\"noreferrer noopener\" data-auth=\"NotApplicable\">http:\/\/votacao.ufpel.edu.br<\/a>, p\u00e1gina oficial da elei\u00e7\u00e3o.<\/div>\n<div dir=\"auto\" style=\"text-align: justify;\">\u00a0O direito ao voto \u00e9 direcionado aos discentes dos cursos de Biologia licenciatura e bacharelado que est\u00e3o cadastrados no Cobalto.<\/div>\n<div dir=\"auto\" style=\"text-align: justify;\">\u00a0Os integrantes titulares da <strong>COE<\/strong>, July da Costa Nasser e Emily Duarte Klein Barbosa, juntamente aos suplentes Karen Francine Voigt Ledebuhr e Sara L\u00edvia Barbosa Gomes, convidam a comunidade a apoiar e validar todo o processo.<\/div>\n<div dir=\"auto\"><\/div>\n<div dir=\"auto\"><\/div>\n","protected":false},"excerpt":{"rendered":"<p>\u00a0A comiss\u00e3o organizadora das Elei\u00e7\u00f5es divulga o edital para inscri\u00e7\u00f5es das chapas aos cargos de Coordena\u00e7\u00e3o geral, Coordena\u00e7\u00e3o adjunta e demais do Centro Acad\u00eamico de Biologia dos cursos de Licenciatura e Bacharelado. As inscri\u00e7\u00f5es ser\u00e3o aceitas do dia 7 de julho de 2025 ao dia 11 de julho de 2025, conforme o edital. A consulta [&hellip;]<\/p>\n","protected":false},"author":488,"featured_media":0,"comment_status":"closed","ping_status":"closed","sticky":false,"template":"","format":"standard","meta":{"jetpack_post_was_ever_published":false,"_jetpack_newsletter_access":"","_jetpack_dont_email_post_to_subs":false,"_jetpack_newsletter_tier_id":0,"_jetpack_memberships_contains_paywalled_content":false,"_jetpack_memberships_contains_paid_content":false,"footnotes":""},"categories":[18],"tags":[],"class_list":["post-5653","post","type-post","status-publish","format-standard","hentry","category-sem-categoria"],"jetpack_featured_media_url":"","jetpack_sharing_enabled":true,"jetpack_shortlink":"https:\/\/wp.me\/p6S2gY-1tb","_links":{"self":[{"href":"https:\/\/wp.ufpel.edu.br\/ib\/wp-json\/wp\/v2\/posts\/5653","targetHints":{"allow":["GET"]}}],"collection":[{"href":"https:\/\/wp.ufpel.edu.br\/ib\/wp-json\/wp\/v2\/posts"}],"about":[{"href":"https:\/\/wp.ufpel.edu.br\/ib\/wp-json\/wp\/v2\/types\/post"}],"author":[{"embeddable":true,"href":"https:\/\/wp.ufpel.edu.br\/ib\/wp-json\/wp\/v2\/users\/488"}],"replies":[{"embeddable":true,"href":"https:\/\/wp.ufpel.edu.br\/ib\/wp-json\/wp\/v2\/comments?post=5653"}],"version-history":[{"count":2,"href":"https:\/\/wp.ufpel.edu.br\/ib\/wp-json\/wp\/v2\/posts\/5653\/revisions"}],"predecessor-version":[{"id":5656,"href":"https:\/\/wp.ufpel.edu.br\/ib\/wp-json\/wp\/v2\/posts\/5653\/revisions\/5656"}],"wp:attachment":[{"href":"https:\/\/wp.ufpel.edu.br\/ib\/wp-json\/wp\/v2\/media?parent=5653"}],"wp:term":[{"taxonomy":"category","embeddable":true,"href":"https:\/\/wp.ufpel.edu.br\/ib\/wp-json\/wp\/v2\/categories?post=5653"},{"taxonomy":"post_tag","embeddable":true,"href":"https:\/\/wp.ufpel.edu.br\/ib\/wp-json\/wp\/v2\/tags?post=5653"}],"curies":[{"name":"wp","href":"https:\/\/api.w.org\/{rel}","templated":true}]}}