{"id":5297,"date":"2024-09-11T14:57:30","date_gmt":"2024-09-11T17:57:30","guid":{"rendered":"https:\/\/wp.ufpel.edu.br\/ib\/?p=5297"},"modified":"2024-09-11T15:01:37","modified_gmt":"2024-09-11T18:01:37","slug":"a-botanica-nossa-de-todo-dia","status":"publish","type":"post","link":"https:\/\/wp.ufpel.edu.br\/ib\/2024\/09\/11\/a-botanica-nossa-de-todo-dia\/","title":{"rendered":"\u201cA Bot\u00e2nica nossa de todo dia\u201d"},"content":{"rendered":"<p>Iniciou nesta quarta-feira, dia 11\/09\/2024, o projeto unificado com \u00eanfase em ensino e extens\u00e3o \u201cA Bot\u00e2nica nossa de todo dia\u201d. O objetivo p\u00b4rincipal do projeto \u00e9 o estudo das plantas que s\u00e3o consumidas no dia-a-dia, destacando, dentre outras coisas, a sua import\u00e2ncia no cotidiano de cada um. Al\u00e9m disso, o projeto corresponde a uma oportunidade do aluno iniciar o estudo de bot\u00e2nica na universidade (ingressantes), como tamb\u00e9m aplicar os conhecimentos vistos em sala de aula (veteranos).<\/p>\n<p>O projeto est\u00e1 vinculado ao Herb\u00e1rio PEL, \u00e9 coordenado pela Bi\u00f3loga Dra. Patr\u00edcia de Oliveira Neves, e conta com a colabora\u00e7\u00e3o de docentes do Departamento de Bot\u00e2nica.<\/p>\n<p>Nesta primeira etapa, o projeto est\u00e1 voltado aos acad\u00eamicos dos cursos de Ci\u00eancias Biol\u00f3gicas (Bacharelado e Licenciatura) contando com a participa\u00e7\u00e3o de 23 alunos.<\/p>\n<p style=\"text-align: center;\"><a href=\"https:\/\/wp.ufpel.edu.br\/ib\/files\/2024\/09\/patriciaprojeto.jpg\"><img class=\"alignnone size-medium wp-image-5299\" src=\"https:\/\/wp.ufpel.edu.br\/ib\/files\/2024\/09\/patriciaprojeto-400x300.jpg\" alt=\"\" width=\"400\" height=\"300\" srcset=\"https:\/\/wp.ufpel.edu.br\/ib\/files\/2024\/09\/patriciaprojeto-400x300.jpg 400w, https:\/\/wp.ufpel.edu.br\/ib\/files\/2024\/09\/patriciaprojeto.jpg 567w\" sizes=\"(max-width: 400px) 100vw, 400px\" \/><\/a><\/p>\n","protected":false},"excerpt":{"rendered":"<p>Iniciou nesta quarta-feira, dia 11\/09\/2024, o projeto unificado com \u00eanfase em ensino e extens\u00e3o \u201cA Bot\u00e2nica nossa de todo dia\u201d. O objetivo p\u00b4rincipal do projeto \u00e9 o estudo das plantas que s\u00e3o consumidas no dia-a-dia, destacando, dentre outras coisas, a sua import\u00e2ncia no cotidiano de cada um. Al\u00e9m disso, o projeto corresponde a uma oportunidade [&hellip;]<\/p>\n","protected":false},"author":488,"featured_media":0,"comment_status":"closed","ping_status":"closed","sticky":false,"template":"","format":"standard","meta":{"jetpack_post_was_ever_published":false,"_jetpack_newsletter_access":"","_jetpack_dont_email_post_to_subs":false,"_jetpack_newsletter_tier_id":0,"_jetpack_memberships_contains_paywalled_content":false,"_jetpack_memberships_contains_paid_content":false,"footnotes":""},"categories":[18],"tags":[],"class_list":["post-5297","post","type-post","status-publish","format-standard","hentry","category-sem-categoria"],"jetpack_featured_media_url":"","jetpack_sharing_enabled":true,"jetpack_shortlink":"https:\/\/wp.me\/p6S2gY-1nr","_links":{"self":[{"href":"https:\/\/wp.ufpel.edu.br\/ib\/wp-json\/wp\/v2\/posts\/5297","targetHints":{"allow":["GET"]}}],"collection":[{"href":"https:\/\/wp.ufpel.edu.br\/ib\/wp-json\/wp\/v2\/posts"}],"about":[{"href":"https:\/\/wp.ufpel.edu.br\/ib\/wp-json\/wp\/v2\/types\/post"}],"author":[{"embeddable":true,"href":"https:\/\/wp.ufpel.edu.br\/ib\/wp-json\/wp\/v2\/users\/488"}],"replies":[{"embeddable":true,"href":"https:\/\/wp.ufpel.edu.br\/ib\/wp-json\/wp\/v2\/comments?post=5297"}],"version-history":[{"count":3,"href":"https:\/\/wp.ufpel.edu.br\/ib\/wp-json\/wp\/v2\/posts\/5297\/revisions"}],"predecessor-version":[{"id":5302,"href":"https:\/\/wp.ufpel.edu.br\/ib\/wp-json\/wp\/v2\/posts\/5297\/revisions\/5302"}],"wp:attachment":[{"href":"https:\/\/wp.ufpel.edu.br\/ib\/wp-json\/wp\/v2\/media?parent=5297"}],"wp:term":[{"taxonomy":"category","embeddable":true,"href":"https:\/\/wp.ufpel.edu.br\/ib\/wp-json\/wp\/v2\/categories?post=5297"},{"taxonomy":"post_tag","embeddable":true,"href":"https:\/\/wp.ufpel.edu.br\/ib\/wp-json\/wp\/v2\/tags?post=5297"}],"curies":[{"name":"wp","href":"https:\/\/api.w.org\/{rel}","templated":true}]}}