{"id":5039,"date":"2024-05-03T08:51:59","date_gmt":"2024-05-03T11:51:59","guid":{"rendered":"https:\/\/wp.ufpel.edu.br\/ib\/?p=5039"},"modified":"2024-05-03T08:52:30","modified_gmt":"2024-05-03T11:52:30","slug":"projeto-pampa-singular-adquire-veiculo-para-o-instituto-de-biologia","status":"publish","type":"post","link":"https:\/\/wp.ufpel.edu.br\/ib\/2024\/05\/03\/projeto-pampa-singular-adquire-veiculo-para-o-instituto-de-biologia\/","title":{"rendered":"Projeto Pampa Singular adquire ve\u00edculo para o Instituto de Biologia"},"content":{"rendered":"<p>O Pampa \u00e9 um dos maiores ecossistemas campestres da Am\u00e9rica do Sul e se estende desde o norte da Argentina, por todo o Uruguai, at\u00e9 o sul do Brasil. Al\u00e9m dos campos naturais, afloramentos rochosos, \u00e1reas \u00famidas, savanas e florestas estacionais incrementam a heterogeneidade das paisagens e sustentam uma biodiversidade singular no Pampa, onde cerca de 5% das esp\u00e9cies de plantas s\u00e3o end\u00eamicas. O pastoreio foi a principal atividade econ\u00f4mica na regi\u00e3o at\u00e9 o final do s\u00e9culo XX, quando os campos naturais eram usados de forma mais sustent\u00e1vel. No entanto, o crescimento da agricultura, da silvicultura e da minera\u00e7\u00e3o no Pampa durante as \u00faltimas d\u00e9cadas est\u00e1 causando perdas significativas de h\u00e1bitats naturais e acelerando a fragmenta\u00e7\u00e3o ambiental.<\/p>\n<p>Pampa Singular \u00e9 um projeto integrativo, de ensino, pesquisa e extens\u00e3o, que tem o objetivo de compreender a biodiversidade no Pampa e promover a conserva\u00e7\u00e3o de paisagens \u00fanicas e esp\u00e9cies raras. O projeto \u00e9 coordenado pelo Prof. Jo\u00e3o Iganci, do Departamento de Bot\u00e2nica e tem colabora\u00e7\u00e3o de professores do IB, como a Profa. Raquel L\u00fcdtke na \u00e1rea de ensino, o Dr. Gustavo Heiden, na \u00e1rea de conserva\u00e7\u00e3o de recursos gen\u00e9ticos vegetais, do Centro Nacional de Conserva\u00e7\u00e3o da Flora, de pesquisadores da Universidade Federal do Rio Grande do Sul e do exterior, incluindo o Uruguai, o Reino Unido e a Fran\u00e7a. Al\u00e9m disso, todas as a\u00e7\u00f5es do projeto s\u00e3o realizadas com a participa\u00e7\u00e3o de estudantes de gradua\u00e7\u00e3o e de p\u00f3s-gradua\u00e7\u00e3o da UFPel. Est\u00e3o sendo produzidos invent\u00e1rios de esp\u00e9cies end\u00eamicas da flora do Pampa e pesquisas sobre o estado de conserva\u00e7\u00e3o das esp\u00e9cies. Ao mesmo tempo, atividades de divulga\u00e7\u00e3o cient\u00edfica e de ensino de ci\u00eancias est\u00e3o sendo direcionadas para ampliar o conhecimento sobre o bioma em comunidades locais no interior do Pampa e evidenciar a import\u00e2ncia da conserva\u00e7\u00e3o para futuras gera\u00e7\u00f5es.<\/p>\n<p>O ve\u00edculo foi adquirido atrav\u00e9s de edital do Conselho Nacional de Desenvolvimento Cient\u00edfico e Tecnol\u00f3gico que tinha o objetivo de popularizar e interiorizar a ci\u00eancia. Ser\u00e1 utilizado pelos coordenadores do projeto para levar oficinas e outras a\u00e7\u00f5es de extens\u00e3o para os munic\u00edpios localizados no Pampa e tamb\u00e9m para ampliar as pesquisas sobre biodiversidade e conserva\u00e7\u00e3o da flora do Pampa. O projeto est\u00e1 desenvolvendo uma s\u00e9rie de filmes document\u00e1rios de curta dura\u00e7\u00e3o, para divulgar as paisagens, a cultura e a biodiversidade do Pampa, como forma de sensibilizar para a conserva\u00e7\u00e3o do bioma.<\/p>\n<p style=\"text-align: center;\"><a href=\"https:\/\/wp.ufpel.edu.br\/ib\/files\/2024\/05\/thumbnail_image-red.jpg\"><img class=\"alignnone size-medium wp-image-5041\" src=\"https:\/\/wp.ufpel.edu.br\/ib\/files\/2024\/05\/thumbnail_image-red-400x300.jpg\" alt=\"\" width=\"400\" height=\"300\" srcset=\"https:\/\/wp.ufpel.edu.br\/ib\/files\/2024\/05\/thumbnail_image-red-400x300.jpg 400w, https:\/\/wp.ufpel.edu.br\/ib\/files\/2024\/05\/thumbnail_image-red-1024x768.jpg 1024w, https:\/\/wp.ufpel.edu.br\/ib\/files\/2024\/05\/thumbnail_image-red-768x576.jpg 768w, https:\/\/wp.ufpel.edu.br\/ib\/files\/2024\/05\/thumbnail_image-red.jpg 1280w\" sizes=\"(max-width: 400px) 100vw, 400px\" \/><\/a><\/p>\n<p style=\"text-align: center;\">\n<p>&nbsp;<\/p>\n<p>&nbsp;<\/p>\n","protected":false},"excerpt":{"rendered":"<p>O Pampa \u00e9 um dos maiores ecossistemas campestres da Am\u00e9rica do Sul e se estende desde o norte da Argentina, por todo o Uruguai, at\u00e9 o sul do Brasil. Al\u00e9m dos campos naturais, afloramentos rochosos, \u00e1reas \u00famidas, savanas e florestas estacionais incrementam a heterogeneidade das paisagens e sustentam uma biodiversidade singular no Pampa, onde cerca [&hellip;]<\/p>\n","protected":false},"author":488,"featured_media":0,"comment_status":"closed","ping_status":"closed","sticky":false,"template":"","format":"standard","meta":{"jetpack_post_was_ever_published":false,"_jetpack_newsletter_access":"","_jetpack_dont_email_post_to_subs":false,"_jetpack_newsletter_tier_id":0,"_jetpack_memberships_contains_paywalled_content":false,"_jetpack_memberships_contains_paid_content":false,"footnotes":""},"categories":[18],"tags":[],"class_list":["post-5039","post","type-post","status-publish","format-standard","hentry","category-sem-categoria"],"jetpack_featured_media_url":"","jetpack_sharing_enabled":true,"jetpack_shortlink":"https:\/\/wp.me\/p6S2gY-1jh","_links":{"self":[{"href":"https:\/\/wp.ufpel.edu.br\/ib\/wp-json\/wp\/v2\/posts\/5039","targetHints":{"allow":["GET"]}}],"collection":[{"href":"https:\/\/wp.ufpel.edu.br\/ib\/wp-json\/wp\/v2\/posts"}],"about":[{"href":"https:\/\/wp.ufpel.edu.br\/ib\/wp-json\/wp\/v2\/types\/post"}],"author":[{"embeddable":true,"href":"https:\/\/wp.ufpel.edu.br\/ib\/wp-json\/wp\/v2\/users\/488"}],"replies":[{"embeddable":true,"href":"https:\/\/wp.ufpel.edu.br\/ib\/wp-json\/wp\/v2\/comments?post=5039"}],"version-history":[{"count":1,"href":"https:\/\/wp.ufpel.edu.br\/ib\/wp-json\/wp\/v2\/posts\/5039\/revisions"}],"predecessor-version":[{"id":5042,"href":"https:\/\/wp.ufpel.edu.br\/ib\/wp-json\/wp\/v2\/posts\/5039\/revisions\/5042"}],"wp:attachment":[{"href":"https:\/\/wp.ufpel.edu.br\/ib\/wp-json\/wp\/v2\/media?parent=5039"}],"wp:term":[{"taxonomy":"category","embeddable":true,"href":"https:\/\/wp.ufpel.edu.br\/ib\/wp-json\/wp\/v2\/categories?post=5039"},{"taxonomy":"post_tag","embeddable":true,"href":"https:\/\/wp.ufpel.edu.br\/ib\/wp-json\/wp\/v2\/tags?post=5039"}],"curies":[{"name":"wp","href":"https:\/\/api.w.org\/{rel}","templated":true}]}}