{"id":4817,"date":"2023-12-07T13:55:08","date_gmt":"2023-12-07T16:55:08","guid":{"rendered":"https:\/\/wp.ufpel.edu.br\/ib\/?p=4817"},"modified":"2023-12-07T14:05:25","modified_gmt":"2023-12-07T17:05:25","slug":"biologia-participa-da-mostra-de-cursos-da-ufpel","status":"publish","type":"post","link":"https:\/\/wp.ufpel.edu.br\/ib\/2023\/12\/07\/biologia-participa-da-mostra-de-cursos-da-ufpel\/","title":{"rendered":"Biologia participa da Mostra de  Cursos da UFPEL"},"content":{"rendered":"<p>Ocorreu ontem a mostra de Curso da UFPEL vers\u00e3o 2023 junto a Escola Superior de Educa\u00e7\u00e3o F\u00edsica e Fisioterapia (ESEF) no CAMPUS ESEF (Rua Luiz de Cam\u00f5es, 625 \u2013 Bairro Tablada &#8211;\u00a0 Pelotas &#8211; RS, Brasil &#8211; 96055-630). Os Cursos de Ci\u00eancias Biol\u00f3gicas Licenciatura e Bacharelado participaram atrav\u00e9s de projetos e a\u00e7\u00f5es de seis docentes (<a href=\"http:\/\/lattes.cnpq.br\/5989815154650062\" target=\"_blank\" rel=\"noopener\">Beatriz Helena Gomes Rocha<\/a>, <a href=\"http:\/\/lattes.cnpq.br\/1010854680087943\" target=\"_blank\" rel=\"noopener\">Marco Antonio Tonus Marinho<\/a>, <a href=\"http:\/\/lattes.cnpq.br\/9555221124800026\" target=\"_blank\" rel=\"noopener\">Vera Lucia Bobrowski<\/a>,\u00a0<a href=\"http:\/\/lattes.cnpq.br\/3632078197153438\" target=\"_blank\" rel=\"noopener\">Marco Silva Gottschalk<\/a>, <a href=\"http:\/\/lattes.cnpq.br\/9351614587557334\">Izabel Cristina Cust\u00f3dio de Souza<\/a>, <a href=\"http:\/\/lattes.cnpq.br\/9476246181895666\" target=\"_blank\" rel=\"noopener\">Giovana Duzzo Gamaro<\/a>) e treze alunos. Apesar do tempo estar chuvoso e das vezes que a\u00a0 Mostra foi adiada, um grande n\u00famero de pessoas passou pela mesma. Na oportunidade v\u00e1rios projetos de extens\u00e3o da UFPEL realizaram apresenta\u00e7\u00f5es durante o evento, como por exemplo, o grupo &#8220;Tropa da dan\u00e7a&#8221; do Dunas. O Diretor da Unidade, professor <a href=\"http:\/\/lattes.cnpq.br\/7956000492760191\" target=\"_blank\" rel=\"noopener\">Luiz Fernando Minello<\/a>, esteve presente no turno da tarde acompanhando o grupo de trabalho. Seguem <a href=\"https:\/\/drive.google.com\/drive\/folders\/1JymjCxtuq4MQESEuYXY4m6AsQqjZSgK5?usp=sharing\" target=\"_blank\" rel=\"noopener\">imagens do evento<\/a>.<\/p>\n<p>&nbsp;<\/p>\n<p>&nbsp;<\/p>\n","protected":false},"excerpt":{"rendered":"<p>Ocorreu ontem a mostra de Curso da UFPEL vers\u00e3o 2023 junto a Escola Superior de Educa\u00e7\u00e3o F\u00edsica e Fisioterapia (ESEF) no CAMPUS ESEF (Rua Luiz de Cam\u00f5es, 625 \u2013 Bairro Tablada &#8211;\u00a0 Pelotas &#8211; RS, Brasil &#8211; 96055-630). Os Cursos de Ci\u00eancias Biol\u00f3gicas Licenciatura e Bacharelado participaram atrav\u00e9s de projetos e a\u00e7\u00f5es de seis docentes [&hellip;]<\/p>\n","protected":false},"author":488,"featured_media":0,"comment_status":"closed","ping_status":"closed","sticky":false,"template":"","format":"standard","meta":{"jetpack_post_was_ever_published":false,"_jetpack_newsletter_access":"","_jetpack_dont_email_post_to_subs":false,"_jetpack_newsletter_tier_id":0,"_jetpack_memberships_contains_paywalled_content":false,"_jetpack_memberships_contains_paid_content":false,"footnotes":""},"categories":[18],"tags":[],"class_list":["post-4817","post","type-post","status-publish","format-standard","hentry","category-sem-categoria"],"jetpack_featured_media_url":"","jetpack_sharing_enabled":true,"jetpack_shortlink":"https:\/\/wp.me\/p6S2gY-1fH","_links":{"self":[{"href":"https:\/\/wp.ufpel.edu.br\/ib\/wp-json\/wp\/v2\/posts\/4817","targetHints":{"allow":["GET"]}}],"collection":[{"href":"https:\/\/wp.ufpel.edu.br\/ib\/wp-json\/wp\/v2\/posts"}],"about":[{"href":"https:\/\/wp.ufpel.edu.br\/ib\/wp-json\/wp\/v2\/types\/post"}],"author":[{"embeddable":true,"href":"https:\/\/wp.ufpel.edu.br\/ib\/wp-json\/wp\/v2\/users\/488"}],"replies":[{"embeddable":true,"href":"https:\/\/wp.ufpel.edu.br\/ib\/wp-json\/wp\/v2\/comments?post=4817"}],"version-history":[{"count":8,"href":"https:\/\/wp.ufpel.edu.br\/ib\/wp-json\/wp\/v2\/posts\/4817\/revisions"}],"predecessor-version":[{"id":4826,"href":"https:\/\/wp.ufpel.edu.br\/ib\/wp-json\/wp\/v2\/posts\/4817\/revisions\/4826"}],"wp:attachment":[{"href":"https:\/\/wp.ufpel.edu.br\/ib\/wp-json\/wp\/v2\/media?parent=4817"}],"wp:term":[{"taxonomy":"category","embeddable":true,"href":"https:\/\/wp.ufpel.edu.br\/ib\/wp-json\/wp\/v2\/categories?post=4817"},{"taxonomy":"post_tag","embeddable":true,"href":"https:\/\/wp.ufpel.edu.br\/ib\/wp-json\/wp\/v2\/tags?post=4817"}],"curies":[{"name":"wp","href":"https:\/\/api.w.org\/{rel}","templated":true}]}}