{"id":4477,"date":"2023-09-12T17:58:44","date_gmt":"2023-09-12T20:58:44","guid":{"rendered":"https:\/\/wp.ufpel.edu.br\/ib\/?p=4477"},"modified":"2023-09-12T18:06:18","modified_gmt":"2023-09-12T21:06:18","slug":"17a-primavera-dos-museus","status":"publish","type":"post","link":"https:\/\/wp.ufpel.edu.br\/ib\/2023\/09\/12\/17a-primavera-dos-museus\/","title":{"rendered":"17\u00aa Primavera dos Museus"},"content":{"rendered":"<p style=\"text-align: justify;\">\u00a0 \u00a0 \u00a0 \u00a0 \u00a0 \u00a0 \u00a0 \u00a0 \u00a0 \u00a0Em comemora\u00e7\u00e3o \u00e0 17\u00aa Primavera dos Museus, que esse ano ocorre sob a tem\u00e1tica &#8220;Mem\u00f3rias e democracia: pessoas LGBT+, Ind\u00edgenas e Quilombolas&#8221;, ocorrer\u00e1 a oficina &#8220;Mem\u00f3ria e democracia no caminho \u00c1frica \u00e0s Am\u00e9ricas&#8221;.<br aria-hidden=\"true\" \/>\u00a0 \u00a0 \u00a0 \u00a0 \u00a0 \u00a0 \u00a0 \u00a0 \u00a0 \u00a0Os museus de ci\u00eancias naturais possuem um papel muito importante de divulga\u00e7\u00e3o e populariza\u00e7\u00e3o do conhecimento cient\u00edfico na sociedade. No entanto, os acervos salvaguardados por essas institui\u00e7\u00f5es se conectam aos diferentes grupos que comp\u00f5em a sociedade de variadas formas. Nesse sentido, a oficina ir\u00e1 abordar o Museu de Ci\u00eancias Naturais atrav\u00e9s de um olhar que abrange as perspectivas do bi\u00f3logo e de representantes de cultura tradicional de matriz africana, buscando debater diferentes abordagens que podem ser apresentadas por essa tipologia de museu.<\/p>\n<p style=\"text-align: justify;\">\u00a0 \u00a0 \u00a0 \u00a0 \u00a0 \u00a0 \u00a0 \u00a0 \u00a0 Desenvolvida em parceria com o Espa\u00e7o Casa da \u00c1rvore, local de autogest\u00e3o baseado na luta do povo, economia solid\u00e1ria e emancipa\u00e7\u00e3o humana, a atividade ocorrer\u00e1 atrav\u00e9s de um percurso, que se iniciar\u00e1 no Museu de Ci\u00eancias Naturais Carlos Ritter, indo, posteriormente, para o Espa\u00e7o Casa da \u00c1rvore, e finalizando no Kilombo Urbano Ocupa\u00e7\u00e3o Canto de Conex\u00e3o.<\/p>\n<p style=\"text-align: center;\"><img src=\"https:\/\/wp.ufpel.edu.br\/carlosritter\/files\/2023\/09\/17a-Primavera-dos-museus--320x400.jpeg\" \/><\/p>\n<p><strong>Data da atividade<\/strong>: 22\/09\/2023<\/p>\n<p><strong>Hor\u00e1rio<\/strong>: 13:30 \u00e0s 17:30<\/p>\n<p><strong>Local<\/strong>: O in\u00edcio da atividade se dar\u00e1 no Museu de Ci\u00eancias Naturais Carlos Ritter (Pra\u00e7a Coronel Pedro Os\u00f3rio, n\u00ba 01)<\/p>\n<p><strong>Vagas:<\/strong>\u00a035<\/p>\n<p><strong>ATEN\u00c7\u00c3O<\/strong>: Atividade exclusiva para alunos regularmente matriculados nos cursos da UFPel.<\/p>\n<p><strong>Inscri\u00e7\u00e3o atrav\u00e9s do link<\/strong>:\u00a0<a href=\"https:\/\/docs.google.com\/forms\/d\/12Es3cID4ah4soQkNCVeO5nkIusb4t9hz0dbWasTCM04\/edit?pli=1\" target=\"_blank\" rel=\"noopener noreferrer\" data-auth=\"NotApplicable\" data-linkindex=\"1\">https:\/\/docs.google.com\/forms\/d\/12Es3cID4ah4soQkNCVeO5nkIusb4t9hz0dbWasTCM04\/edit?pli=1<\/a><\/p>\n<div><\/div>\n","protected":false},"excerpt":{"rendered":"<p>\u00a0 \u00a0 \u00a0 \u00a0 \u00a0 \u00a0 \u00a0 \u00a0 \u00a0 \u00a0Em comemora\u00e7\u00e3o \u00e0 17\u00aa Primavera dos Museus, que esse ano ocorre sob a tem\u00e1tica &#8220;Mem\u00f3rias e democracia: pessoas LGBT+, Ind\u00edgenas e Quilombolas&#8221;, ocorrer\u00e1 a oficina &#8220;Mem\u00f3ria e democracia no caminho \u00c1frica \u00e0s Am\u00e9ricas&#8221;.\u00a0 \u00a0 \u00a0 \u00a0 \u00a0 \u00a0 \u00a0 \u00a0 \u00a0 \u00a0Os museus de ci\u00eancias naturais [&hellip;]<\/p>\n","protected":false},"author":488,"featured_media":0,"comment_status":"closed","ping_status":"closed","sticky":false,"template":"","format":"standard","meta":{"jetpack_post_was_ever_published":false,"_jetpack_newsletter_access":"","_jetpack_dont_email_post_to_subs":false,"_jetpack_newsletter_tier_id":0,"_jetpack_memberships_contains_paywalled_content":false,"_jetpack_memberships_contains_paid_content":false,"footnotes":""},"categories":[18],"tags":[],"class_list":["post-4477","post","type-post","status-publish","format-standard","hentry","category-sem-categoria"],"jetpack_featured_media_url":"","jetpack_sharing_enabled":true,"jetpack_shortlink":"https:\/\/wp.me\/p6S2gY-1ad","_links":{"self":[{"href":"https:\/\/wp.ufpel.edu.br\/ib\/wp-json\/wp\/v2\/posts\/4477","targetHints":{"allow":["GET"]}}],"collection":[{"href":"https:\/\/wp.ufpel.edu.br\/ib\/wp-json\/wp\/v2\/posts"}],"about":[{"href":"https:\/\/wp.ufpel.edu.br\/ib\/wp-json\/wp\/v2\/types\/post"}],"author":[{"embeddable":true,"href":"https:\/\/wp.ufpel.edu.br\/ib\/wp-json\/wp\/v2\/users\/488"}],"replies":[{"embeddable":true,"href":"https:\/\/wp.ufpel.edu.br\/ib\/wp-json\/wp\/v2\/comments?post=4477"}],"version-history":[{"count":1,"href":"https:\/\/wp.ufpel.edu.br\/ib\/wp-json\/wp\/v2\/posts\/4477\/revisions"}],"predecessor-version":[{"id":4479,"href":"https:\/\/wp.ufpel.edu.br\/ib\/wp-json\/wp\/v2\/posts\/4477\/revisions\/4479"}],"wp:attachment":[{"href":"https:\/\/wp.ufpel.edu.br\/ib\/wp-json\/wp\/v2\/media?parent=4477"}],"wp:term":[{"taxonomy":"category","embeddable":true,"href":"https:\/\/wp.ufpel.edu.br\/ib\/wp-json\/wp\/v2\/categories?post=4477"},{"taxonomy":"post_tag","embeddable":true,"href":"https:\/\/wp.ufpel.edu.br\/ib\/wp-json\/wp\/v2\/tags?post=4477"}],"curies":[{"name":"wp","href":"https:\/\/api.w.org\/{rel}","templated":true}]}}