{"id":4456,"date":"2023-09-03T14:47:08","date_gmt":"2023-09-03T17:47:08","guid":{"rendered":"https:\/\/wp.ufpel.edu.br\/ib\/?p=4456"},"modified":"2023-09-03T14:56:24","modified_gmt":"2023-09-03T17:56:24","slug":"feliz-dia-do-biologo-2","status":"publish","type":"post","link":"https:\/\/wp.ufpel.edu.br\/ib\/2023\/09\/03\/feliz-dia-do-biologo-2\/","title":{"rendered":"Feliz dia do Bi\u00f3logo"},"content":{"rendered":"<p>O dia 03 de setembro \u00e9 o dia nacional do Bi\u00f3logo, data que coincide com a san\u00e7\u00e3o da lei que regulamentou nossa profiss\u00e3o.. Nessa data homenageamos o profissional que se dedica ao estudo e pesquisa sobre todos os seres vivos, desde a sua origem, estrutura, evolu\u00e7\u00e3o, fun\u00e7\u00f5es,\u00a0 etc.\u00a0 A regulamenta\u00e7\u00e3o das profiss\u00f5es de Bi\u00f3logo e de Biom\u00e9dico no Brasil ocorreram atrav\u00e9s da <a href=\"https:\/\/cfbio.gov.br\/1979\/09\/03\/lei-no-6-684-de-3-de-setembro-de-1979\/\" target=\"_blank\" rel=\"noopener\"><strong>Lei n\u00ba 6.684, de 3 de setembro de 1979<\/strong>.<\/a> Essa lei tamb\u00e9m criou o Conselho Federal de Biologia e os Conselhos Regionais.<\/p>\n<p>Nossa \u00e1rea de atua\u00e7\u00e3o \u00e9 bastante ampla estando dividida em tr\u00eas campos principais: <strong>Meio Ambiente e<\/strong> <strong>Biodiversidade<\/strong>, <strong>Sa\u00fade<\/strong>, <strong>Biotecnologia e Produ\u00e7\u00e3o<\/strong>. Dentro dessas \u00e1reas, podemos trabalhar, por exemplo, com bio\u00e9tica, bioinform\u00e1tica, controle de pragas, gest\u00e3o de cole\u00e7\u00f5es biol\u00f3gicas, ecoturismo, educa\u00e7\u00e3o ambiental, gest\u00e3o de recursos h\u00eddricos, mudan\u00e7as clim\u00e1ticas, per\u00edcia forense, saneamento ambiental, aconselhamento gen\u00e9tico, an\u00e1lises citogen\u00e9ticas, an\u00e1lises cl\u00ednicas, testes em animais, reprodu\u00e7\u00e3o humana assistida, terapia g\u00eanica, desenvolvimento de organismos geneticamente modificados, entre v\u00e1rios outros campos.<\/p>\n<p>Os Bi\u00f3logos fazem muito que trabalhar com animais e plantas, estudam todos os aspectos relacionados com a vida, podendo atuar em laborat\u00f3rios, zool\u00f3gicos, parques florestais, \u00e1reas de preserva\u00e7\u00e3o, \u00e1reas mais burocr\u00e1ticas, entre muitas outras, sempre respeitando a vida em todos os seus n\u00edveis.<\/p>\n<p>O Bi\u00f3logo para ter seu reconhecimento profissional tem que realizar Curso Superior e cadastrar-se no Conselho de sua regi\u00e3o. Nossos Cursos de Ci\u00eancias Biol\u00f3gicas &#8211; Bacharelado e Licenciatura possibilitam esse registro. Sendo assim, aproveitamos a oportunidade para agradecer a todos os TAEs e Docentes que atuam na forma\u00e7\u00e3o dos Bi\u00f3logos &#8211; Bacharel e Licenciado em nosso Instituto de Biologia. Tamb\u00e9m agradecemos aos colegas TAEs e Docentes Bi\u00f3logos da Unidade que participam na forma\u00e7\u00e3o de outros profissionais com a oferta de disciplinas b\u00e1sicas e aplicadas aos Cursos atendidos pelo IB como, por exemplo, Fisioterapia, Agronomia, Odontologia, Medicina, Educa\u00e7\u00e3o F\u00edsica, Enfermagem, Zootecnia, Medicina Veterin\u00e1ria, dentre outros.<\/p>\n<p>Parab\u00e9ns aos colegas Bi\u00f3logos e futuros Bi\u00f3logos em forma\u00e7\u00e3o no Instituto de Biologia pela passagem do seu dia aproveitando a oportunidade para reafirmar\u00a0 nosso juramento a todos:<\/p>\n<h5 style=\"text-align: center;\">\u201cJURO, PELA MINHA F\u00c9 E PELA MINHA HONRA E DE ACORDO COM OS PRINC\u00cdPIOS \u00c9TICOS DO BI\u00d3LOGO, EXERCER AS MINHAS ATIVIDADES PROFISSIONAIS COM HONESTIDADE, EM DEFESA DA VIDA, ESTIMULANDO O DESENVOLVIMENTO CIENT\u00cdFICO, TECNOL\u00d3GICO E HUMAN\u00cdSTICO COM JUSTI\u00c7A E PAZ\u201d.<\/h5>\n<p><img class=\"alignnone\" src=\"https:\/\/s.calendarr.com\/upload\/datas\/si\/mb\/simbolo-da-biologia.jpg?auto_optimize=low&amp;width=640\" alt=\"s\u00edmbolo do bi\u00f3logo\" \/><\/p>\n<p>Algumas frases para curtir &#8211; Fonte: https:\/\/brasilescola.uol.com.br\/datas-comemorativas\/dia-biologo.htm<\/p>\n<p><em>&#8220;Bi\u00f3logo n\u00e3o come, degusta.<br \/>\nBi\u00f3logo n\u00e3o cheira, olfata.<br \/>\nBi\u00f3logo n\u00e3o toca, tateia.<br \/>\nBi\u00f3logo n\u00e3o respira, quebra carboidratos.<br \/>\nBi\u00f3logo n\u00e3o tem depress\u00e3o, tem disfun\u00e7\u00e3o no hipot\u00e1lamo.<br \/>\nBi\u00f3logo n\u00e3o admira a natureza, analisa o ecossistema.<br \/>\nBi\u00f3logo n\u00e3o elogia, descreve processos.<br \/>\nBi\u00f3logo n\u00e3o tem reflexos, tem mensagem neurotransmitida involunt\u00e1ria.<br \/>\nBi\u00f3logo n\u00e3o facilita discuss\u00f5es, catalisa substratos.<br \/>\nBi\u00f3logo n\u00e3o transa, copula.<br \/>\nBi\u00f3logo n\u00e3o admite algo sem resposta, diz que \u00e9 heredit\u00e1rio.<br \/>\nBi\u00f3logo n\u00e3o fala, coordena vibra\u00e7\u00f5es nas cordas vocais.<br \/>\nBi\u00f3logo n\u00e3o pensa, faz sinapses.<br \/>\nBi\u00f3logo n\u00e3o toma susto, recebe resposta galv\u00e2nica incoerente.<br \/>\nBi\u00f3logo n\u00e3o chora, produz secre\u00e7\u00f5es lacrimais.<br \/>\nBi\u00f3logo n\u00e3o espera retorno de chamadas, espera feedbacks.<br \/>\nBi\u00f3logo n\u00e3o se apaixona, sofre rea\u00e7\u00f5es qu\u00edmicas.<br \/>\nBi\u00f3logo n\u00e3o perde energia, gasta ATP.<br \/>\nBi\u00f3logo n\u00e3o divide, faz meioses.<br \/>\nBi\u00f3logo n\u00e3o faz mudan\u00e7as, processa evolu\u00e7\u00f5es.<br \/>\nBi\u00f3logo n\u00e3o falece, tem morte histol\u00f3gica.<br \/>\nBi\u00f3logo n\u00e3o se desprende do esp\u00edrito, transforma sua energia.<br \/>\nBi\u00f3logo n\u00e3o deixa filhos, apresenta sucesso reprodutivo.<br \/>\nBi\u00f3logo n\u00e3o deixa heran\u00e7a, deixa pool g\u00eanico.<br \/>\nBi\u00f3logo n\u00e3o tem invent\u00e1rio, tem heredit\u00e1rio.<br \/>\nBi\u00f3logo n\u00e3o deixa herdeiros ricos, pois seu valor \u00e9 por peso vivo.<\/em><\/p>\n<p><em>Feliz Dia do Bi\u00f3logo!&#8221;<\/em><\/p>\n","protected":false},"excerpt":{"rendered":"<p>O dia 03 de setembro \u00e9 o dia nacional do Bi\u00f3logo, data que coincide com a san\u00e7\u00e3o da lei que regulamentou nossa profiss\u00e3o.. Nessa data homenageamos o profissional que se dedica ao estudo e pesquisa sobre todos os seres vivos, desde a sua origem, estrutura, evolu\u00e7\u00e3o, fun\u00e7\u00f5es,\u00a0 etc.\u00a0 A regulamenta\u00e7\u00e3o das profiss\u00f5es de Bi\u00f3logo e [&hellip;]<\/p>\n","protected":false},"author":488,"featured_media":0,"comment_status":"closed","ping_status":"closed","sticky":false,"template":"","format":"standard","meta":{"jetpack_post_was_ever_published":false,"_jetpack_newsletter_access":"","_jetpack_dont_email_post_to_subs":false,"_jetpack_newsletter_tier_id":0,"_jetpack_memberships_contains_paywalled_content":false,"_jetpack_memberships_contains_paid_content":false,"footnotes":""},"categories":[18],"tags":[],"class_list":["post-4456","post","type-post","status-publish","format-standard","hentry","category-sem-categoria"],"jetpack_featured_media_url":"","jetpack_sharing_enabled":true,"jetpack_shortlink":"https:\/\/wp.me\/p6S2gY-19S","_links":{"self":[{"href":"https:\/\/wp.ufpel.edu.br\/ib\/wp-json\/wp\/v2\/posts\/4456","targetHints":{"allow":["GET"]}}],"collection":[{"href":"https:\/\/wp.ufpel.edu.br\/ib\/wp-json\/wp\/v2\/posts"}],"about":[{"href":"https:\/\/wp.ufpel.edu.br\/ib\/wp-json\/wp\/v2\/types\/post"}],"author":[{"embeddable":true,"href":"https:\/\/wp.ufpel.edu.br\/ib\/wp-json\/wp\/v2\/users\/488"}],"replies":[{"embeddable":true,"href":"https:\/\/wp.ufpel.edu.br\/ib\/wp-json\/wp\/v2\/comments?post=4456"}],"version-history":[{"count":4,"href":"https:\/\/wp.ufpel.edu.br\/ib\/wp-json\/wp\/v2\/posts\/4456\/revisions"}],"predecessor-version":[{"id":4461,"href":"https:\/\/wp.ufpel.edu.br\/ib\/wp-json\/wp\/v2\/posts\/4456\/revisions\/4461"}],"wp:attachment":[{"href":"https:\/\/wp.ufpel.edu.br\/ib\/wp-json\/wp\/v2\/media?parent=4456"}],"wp:term":[{"taxonomy":"category","embeddable":true,"href":"https:\/\/wp.ufpel.edu.br\/ib\/wp-json\/wp\/v2\/categories?post=4456"},{"taxonomy":"post_tag","embeddable":true,"href":"https:\/\/wp.ufpel.edu.br\/ib\/wp-json\/wp\/v2\/tags?post=4456"}],"curies":[{"name":"wp","href":"https:\/\/api.w.org\/{rel}","templated":true}]}}