{"id":4440,"date":"2023-08-31T09:31:33","date_gmt":"2023-08-31T12:31:33","guid":{"rendered":"https:\/\/wp.ufpel.edu.br\/ib\/?p=4440"},"modified":"2023-08-31T09:32:34","modified_gmt":"2023-08-31T12:32:34","slug":"projeto-curiosamente-inicia-parceria-com-a-smed-pelotas-atraves-de-oficina-sobre-a-neuroaprendizagem","status":"publish","type":"post","link":"https:\/\/wp.ufpel.edu.br\/ib\/2023\/08\/31\/projeto-curiosamente-inicia-parceria-com-a-smed-pelotas-atraves-de-oficina-sobre-a-neuroaprendizagem\/","title":{"rendered":"Projeto Curiosamente inicia parceria com a SMED\/Pelotas atrav\u00e9s de oficina sobre a neuroaprendizagem"},"content":{"rendered":"<p>No dia 24 de agosto de 2023, o Projeto de Extens\u00e3o &#8220;<b>Curiosamente<\/b>&#8221; realizou oficina intitulada\u00a0<b>\u201cPartilhas Pedag\u00f3gicas: Aprendizagem sob a \u00f3tica da Neuroci\u00eancias<\/b>\u201d.\u00a0A oficina foi uma solicita\u00e7\u00e3o do Departamento da Diretoria Pedag\u00f3gica respons\u00e1vel pela Educa\u00e7\u00e3o Especial (CAPTA)-SMED, junto ao &#8220;<b>Programa Andorinha: ensino, pesquisa, extens\u00e3o e inova\u00e7\u00e3o&#8221;<\/b>, o qual congrega os projetos que buscam a aproxima\u00e7\u00e3o da Universidade com a rede p\u00fablica de ensino.<\/p>\n<p><img class=\"aligncenter\" src=\"https:\/\/attachment.outlook.live.net\/owa\/MSA%3Aminellolf%40hotmail.com\/service.svc\/s\/GetAttachmentThumbnail?id=AQMkADAwATY3ZmYAZS05YmQxLTNmMTktMDACLTAwCgBGAAADNWVFKcNonUaQhksLnKZaBgcA0Kf%2B8xUKrUmftsPZCbmdWwAAAgEMAAAAQxYXbduug02v23N6egCpKHgABhQj4MIAAAABEgAQAHQxXG18A%2FxLu7GhJV6W7rE%3D&amp;thumbnailType=2&amp;isc=1&amp;token=eyJhbGciOiJSUzI1NiIsImtpZCI6IjczRkI5QkJFRjYzNjc4RDRGN0U4NEI0NDBCQUJCMTJBMzM5RDlGOTgiLCJ0eXAiOiJKV1QiLCJ4NXQiOiJjX3VidnZZMmVOVDM2RXRFQzZ1eEtqT2RuNWcifQ.eyJvcmlnaW4iOiJodHRwczovL291dGxvb2subGl2ZS5jb20iLCJ1YyI6ImEzMGEwZDRjOWNjNDQ0NGI4OGRkYWEwZjA1NzNjYTkwIiwidmVyIjoiRXhjaGFuZ2UuQ2FsbGJhY2suVjEiLCJhcHBjdHhzZW5kZXIiOiJPd2FEb3dubG9hZEA4NGRmOWU3Zi1lOWY2LTQwYWYtYjQzNS1hYWFhYWFhYWFhYWEiLCJpc3NyaW5nIjoiV1ciLCJhcHBjdHgiOiJ7XCJtc2V4Y2hwcm90XCI6XCJvd2FcIixcInB1aWRcIjpcIjE4Mjk1ODEzNzI4NjYzMjlcIixcInNjb3BlXCI6XCJPd2FEb3dubG9hZFwiLFwib2lkXCI6XCIwMDA2N2ZmZS05YmQxLTNmMTktMDAwMC0wMDAwMDAwMDAwMDBcIixcInByaW1hcnlzaWRcIjpcIlMtMS0yODI3LTQyNTk4Mi0yNjE0MTgxNjU3XCJ9IiwibmJmIjoxNjkzNDg0NjMyLCJleHAiOjE2OTM0ODUyMzIsImlzcyI6IjAwMDAwMDAyLTAwMDAtMGZmMS1jZTAwLTAwMDAwMDAwMDAwMEA4NGRmOWU3Zi1lOWY2LTQwYWYtYjQzNS1hYWFhYWFhYWFhYWEiLCJhdWQiOiIwMDAwMDAwMi0wMDAwLTBmZjEtY2UwMC0wMDAwMDAwMDAwMDAvYXR0YWNobWVudC5vdXRsb29rLmxpdmUubmV0QDg0ZGY5ZTdmLWU5ZjYtNDBhZi1iNDM1LWFhYWFhYWFhYWFhYSIsImhhcHAiOiJvd2EifQ.eRLAVSbvCPeypTy3J0oZiTjxcC4Xb159tMpD2w8vIExXpZ6f_mIx5n19oYPFNGEBWjziRVBA3T_k-MUUrwzbzo9NNc65EB7ovrObTjJ56lGovj_3DmGaOEPl9jHk97UX5K0wC161KuXCKOfcNyAjpkX-v6Jmmc6NEimBPatolPW6oQ7LziR3eqo6zqWlFH_UwuWHLb2N6F4Lv56sucfd4RGomSxlCMpu4mNy4-syEXbYKfADb8io9z4hvqHEhhQsIulQNxwq-fqqwvcasG761PGAwX3rtkTsN2b41SSgj2ybXkk8Y8GoHT6pu0Yo0jy5AGODaexHqiX8XQZ5n6WKew&amp;X-OWA-CANARY=qpuK3wPIAkCcfRj5cOXtcUDVzUIdqtsYrXJ8guKb1aNjqh-k_ZkyS880rgjR7mLUJO_hj6ooApA.&amp;owa=outlook.live.com&amp;scriptVer=20230825006.05&amp;animation=true\" alt=\"Visualiza\u00e7\u00e3o da imagem\" \/><\/p>\n<p class=\"x_MsoNormal\">\u00a0 \u00a0 \u00a0 \u00a0 \u00a0 \u00a0 \u00a0O Projeto Curiosamente promove a divulga\u00e7\u00e3o cient\u00edfica sobre neuroci\u00eancias e sua aplica\u00e7\u00e3o no cotidiano. A presente oficina teve o objetivo dialogar com as professoras de AEE (Atendimento Educacional Especializado) sobre as pesquisas neurocient\u00edficas relacionadas com a aprendizagem\/mem\u00f3ria durante as fases de neurodesenvolvimento, bem como sobre os processos comportamentais e cognitivos influenciados pela \u00a0motiva\u00e7\u00e3o, sono, emo\u00e7\u00f5es, entre outros.<\/p>\n<p class=\"x_MsoNormal\">\u00a0 \u00a0 \u00a0 \u00a0 \u00a0 \u00a0 O evento contou com a participa\u00e7\u00e3o da coordenadora do Projeto Curiosamente, professora <a href=\"http:\/\/lattes.cnpq.br\/6664895882670809\" target=\"_blank\" rel=\"noopener\">Adriana Louren\u00e7o da Silva<\/a>, coordenadora adjunta <a href=\"http:\/\/lattes.cnpq.br\/9476246181895666\" target=\"_blank\" rel=\"noopener\">Giovana Duzzo Gamaro<\/a>, os estudantes: Dora Rocha (Letras-Licenciatura) e Nicolas Conde (Ci\u00eancias Biol\u00f3gicas-Bacharelado). Novas a\u00e7\u00f5es est\u00e3o sendo organizadas para a forma\u00e7\u00e3o de professores e alunos do ensino fundamental da rede p\u00fablica de Pelotas.<\/p>\n<p><img class=\"aligncenter\" src=\"https:\/\/attachment.outlook.live.net\/owa\/MSA%3Aminellolf%40hotmail.com\/service.svc\/s\/GetAttachmentThumbnail?id=AQMkADAwATY3ZmYAZS05YmQxLTNmMTktMDACLTAwCgBGAAADNWVFKcNonUaQhksLnKZaBgcA0Kf%2B8xUKrUmftsPZCbmdWwAAAgEMAAAAQxYXbduug02v23N6egCpKHgABhQj4MIAAAABEgAQAEmOpJRYsxxCkl%2F9VrxQRyc%3D&amp;thumbnailType=2&amp;isc=1&amp;token=eyJhbGciOiJSUzI1NiIsImtpZCI6IjczRkI5QkJFRjYzNjc4RDRGN0U4NEI0NDBCQUJCMTJBMzM5RDlGOTgiLCJ0eXAiOiJKV1QiLCJ4NXQiOiJjX3VidnZZMmVOVDM2RXRFQzZ1eEtqT2RuNWcifQ.eyJvcmlnaW4iOiJodHRwczovL291dGxvb2subGl2ZS5jb20iLCJ1YyI6ImEzMGEwZDRjOWNjNDQ0NGI4OGRkYWEwZjA1NzNjYTkwIiwidmVyIjoiRXhjaGFuZ2UuQ2FsbGJhY2suVjEiLCJhcHBjdHhzZW5kZXIiOiJPd2FEb3dubG9hZEA4NGRmOWU3Zi1lOWY2LTQwYWYtYjQzNS1hYWFhYWFhYWFhYWEiLCJpc3NyaW5nIjoiV1ciLCJhcHBjdHgiOiJ7XCJtc2V4Y2hwcm90XCI6XCJvd2FcIixcInB1aWRcIjpcIjE4Mjk1ODEzNzI4NjYzMjlcIixcInNjb3BlXCI6XCJPd2FEb3dubG9hZFwiLFwib2lkXCI6XCIwMDA2N2ZmZS05YmQxLTNmMTktMDAwMC0wMDAwMDAwMDAwMDBcIixcInByaW1hcnlzaWRcIjpcIlMtMS0yODI3LTQyNTk4Mi0yNjE0MTgxNjU3XCJ9IiwibmJmIjoxNjkzNDg0NjMyLCJleHAiOjE2OTM0ODUyMzIsImlzcyI6IjAwMDAwMDAyLTAwMDAtMGZmMS1jZTAwLTAwMDAwMDAwMDAwMEA4NGRmOWU3Zi1lOWY2LTQwYWYtYjQzNS1hYWFhYWFhYWFhYWEiLCJhdWQiOiIwMDAwMDAwMi0wMDAwLTBmZjEtY2UwMC0wMDAwMDAwMDAwMDAvYXR0YWNobWVudC5vdXRsb29rLmxpdmUubmV0QDg0ZGY5ZTdmLWU5ZjYtNDBhZi1iNDM1LWFhYWFhYWFhYWFhYSIsImhhcHAiOiJvd2EifQ.eRLAVSbvCPeypTy3J0oZiTjxcC4Xb159tMpD2w8vIExXpZ6f_mIx5n19oYPFNGEBWjziRVBA3T_k-MUUrwzbzo9NNc65EB7ovrObTjJ56lGovj_3DmGaOEPl9jHk97UX5K0wC161KuXCKOfcNyAjpkX-v6Jmmc6NEimBPatolPW6oQ7LziR3eqo6zqWlFH_UwuWHLb2N6F4Lv56sucfd4RGomSxlCMpu4mNy4-syEXbYKfADb8io9z4hvqHEhhQsIulQNxwq-fqqwvcasG761PGAwX3rtkTsN2b41SSgj2ybXkk8Y8GoHT6pu0Yo0jy5AGODaexHqiX8XQZ5n6WKew&amp;X-OWA-CANARY=D7-len87eUq8WS8B0F5WpuC454cdqtsYDl2t1KEQxgrxUIDz4Zt6B_GGFBbroWtzMApzHeITMPM.&amp;owa=outlook.live.com&amp;scriptVer=20230825006.05&amp;animation=true\" alt=\"Visualiza\u00e7\u00e3o da imagem\" \/><\/p>\n","protected":false},"excerpt":{"rendered":"<p>No dia 24 de agosto de 2023, o Projeto de Extens\u00e3o &#8220;Curiosamente&#8221; realizou oficina intitulada\u00a0\u201cPartilhas Pedag\u00f3gicas: Aprendizagem sob a \u00f3tica da Neuroci\u00eancias\u201d.\u00a0A oficina foi uma solicita\u00e7\u00e3o do Departamento da Diretoria Pedag\u00f3gica respons\u00e1vel pela Educa\u00e7\u00e3o Especial (CAPTA)-SMED, junto ao &#8220;Programa Andorinha: ensino, pesquisa, extens\u00e3o e inova\u00e7\u00e3o&#8221;, o qual congrega os projetos que buscam a aproxima\u00e7\u00e3o da [&hellip;]<\/p>\n","protected":false},"author":488,"featured_media":0,"comment_status":"closed","ping_status":"closed","sticky":false,"template":"","format":"standard","meta":{"jetpack_post_was_ever_published":false,"_jetpack_newsletter_access":"","_jetpack_dont_email_post_to_subs":false,"_jetpack_newsletter_tier_id":0,"_jetpack_memberships_contains_paywalled_content":false,"_jetpack_memberships_contains_paid_content":false,"footnotes":""},"categories":[18],"tags":[],"class_list":["post-4440","post","type-post","status-publish","format-standard","hentry","category-sem-categoria"],"jetpack_featured_media_url":"","jetpack_sharing_enabled":true,"jetpack_shortlink":"https:\/\/wp.me\/p6S2gY-19C","_links":{"self":[{"href":"https:\/\/wp.ufpel.edu.br\/ib\/wp-json\/wp\/v2\/posts\/4440","targetHints":{"allow":["GET"]}}],"collection":[{"href":"https:\/\/wp.ufpel.edu.br\/ib\/wp-json\/wp\/v2\/posts"}],"about":[{"href":"https:\/\/wp.ufpel.edu.br\/ib\/wp-json\/wp\/v2\/types\/post"}],"author":[{"embeddable":true,"href":"https:\/\/wp.ufpel.edu.br\/ib\/wp-json\/wp\/v2\/users\/488"}],"replies":[{"embeddable":true,"href":"https:\/\/wp.ufpel.edu.br\/ib\/wp-json\/wp\/v2\/comments?post=4440"}],"version-history":[{"count":1,"href":"https:\/\/wp.ufpel.edu.br\/ib\/wp-json\/wp\/v2\/posts\/4440\/revisions"}],"predecessor-version":[{"id":4442,"href":"https:\/\/wp.ufpel.edu.br\/ib\/wp-json\/wp\/v2\/posts\/4440\/revisions\/4442"}],"wp:attachment":[{"href":"https:\/\/wp.ufpel.edu.br\/ib\/wp-json\/wp\/v2\/media?parent=4440"}],"wp:term":[{"taxonomy":"category","embeddable":true,"href":"https:\/\/wp.ufpel.edu.br\/ib\/wp-json\/wp\/v2\/categories?post=4440"},{"taxonomy":"post_tag","embeddable":true,"href":"https:\/\/wp.ufpel.edu.br\/ib\/wp-json\/wp\/v2\/tags?post=4440"}],"curies":[{"name":"wp","href":"https:\/\/api.w.org\/{rel}","templated":true}]}}