{"id":4435,"date":"2023-08-30T08:32:52","date_gmt":"2023-08-30T11:32:52","guid":{"rendered":"https:\/\/wp.ufpel.edu.br\/ib\/?p=4435"},"modified":"2023-08-30T08:36:54","modified_gmt":"2023-08-30T11:36:54","slug":"semana-academica-da-biologia-sabio-2023","status":"publish","type":"post","link":"https:\/\/wp.ufpel.edu.br\/ib\/2023\/08\/30\/semana-academica-da-biologia-sabio-2023\/","title":{"rendered":"Semana Acad\u00eamica da Biologia &#8211; SABIO 2023"},"content":{"rendered":"<p>Est\u00e1 acontecendo a 20\u00aa Semana Acad\u00eamica da Biologia (SABio) desde o dia\u00a0 28 de agosto at\u00e9 02 de setembro no Campus Cap\u00e3o do Le\u00e3o. A SABio \u00e9 um evento promovido pelos alunos do Centro Acad\u00eamico dos Cursos de Bacharelado e Licenciatura em Ci\u00eancias Biol\u00f3gicas, com a colabora\u00e7\u00e3o de professores do curso. Neste ano a SABio est\u00e1 discutindo as interdisciplinaridades da profiss\u00e3o do Bi\u00f3logo e da Bi\u00f3loga no mercado de trabalho. O evento conta com palestras, mesas redondas e minicursos, \u00e9 gratuito e aberto \u00e0 comunidade em geral. No dia 02 de setembro (s\u00e1bado) haver\u00e1 exposi\u00e7\u00e3o no Museu de Ci\u00eancias Naturais Carlos Ritter dos projetos de extens\u00e3o e de pesquisa realizados pelos alunos e professores dos Cursos de Ci\u00eancias Biol\u00f3gicas. Maiores informa\u00e7\u00f5es no Instagram do Centro Acad\u00eamico da Biologia (@cabioufpel) ou pelo e-mail cabioufpel@gmail.com. PARTICIPE, Prestigie o evento.<\/p>\n<p>Local das palestras: sala 01, Audit\u00f3rio do pr\u00e9dio da Meteorologia<\/p>\n<p>Link para inscri\u00e7\u00f5es: <a href=\"https:\/\/forms.gle\/or7yicHV1KEkddu76\">https:\/\/forms.gle\/or7yicHV1KEkddu76<\/a><\/p>\n<p>Link para informa\u00e7\u00f5es sobre os minicursos: <a href=\"https:\/\/docs.google.com\/document\/d\/1HxOceQhf7DVr9C4OmclwqezTKYeALTnWaymqH0-gOPM\/edit\">https:\/\/docs.google.com\/document\/d\/1HxOceQhf7DVr9C4OmclwqezTKYeALTnWaymqH0-gOPM\/edit<\/a><\/p>\n","protected":false},"excerpt":{"rendered":"<p>Est\u00e1 acontecendo a 20\u00aa Semana Acad\u00eamica da Biologia (SABio) desde o dia\u00a0 28 de agosto at\u00e9 02 de setembro no Campus Cap\u00e3o do Le\u00e3o. A SABio \u00e9 um evento promovido pelos alunos do Centro Acad\u00eamico dos Cursos de Bacharelado e Licenciatura em Ci\u00eancias Biol\u00f3gicas, com a colabora\u00e7\u00e3o de professores do curso. Neste ano a SABio [&hellip;]<\/p>\n","protected":false},"author":488,"featured_media":0,"comment_status":"closed","ping_status":"closed","sticky":false,"template":"","format":"standard","meta":{"jetpack_post_was_ever_published":false,"_jetpack_newsletter_access":"","_jetpack_dont_email_post_to_subs":false,"_jetpack_newsletter_tier_id":0,"_jetpack_memberships_contains_paywalled_content":false,"_jetpack_memberships_contains_paid_content":false,"footnotes":""},"categories":[18],"tags":[],"class_list":["post-4435","post","type-post","status-publish","format-standard","hentry","category-sem-categoria"],"jetpack_featured_media_url":"","jetpack_sharing_enabled":true,"jetpack_shortlink":"https:\/\/wp.me\/p6S2gY-19x","_links":{"self":[{"href":"https:\/\/wp.ufpel.edu.br\/ib\/wp-json\/wp\/v2\/posts\/4435","targetHints":{"allow":["GET"]}}],"collection":[{"href":"https:\/\/wp.ufpel.edu.br\/ib\/wp-json\/wp\/v2\/posts"}],"about":[{"href":"https:\/\/wp.ufpel.edu.br\/ib\/wp-json\/wp\/v2\/types\/post"}],"author":[{"embeddable":true,"href":"https:\/\/wp.ufpel.edu.br\/ib\/wp-json\/wp\/v2\/users\/488"}],"replies":[{"embeddable":true,"href":"https:\/\/wp.ufpel.edu.br\/ib\/wp-json\/wp\/v2\/comments?post=4435"}],"version-history":[{"count":2,"href":"https:\/\/wp.ufpel.edu.br\/ib\/wp-json\/wp\/v2\/posts\/4435\/revisions"}],"predecessor-version":[{"id":4438,"href":"https:\/\/wp.ufpel.edu.br\/ib\/wp-json\/wp\/v2\/posts\/4435\/revisions\/4438"}],"wp:attachment":[{"href":"https:\/\/wp.ufpel.edu.br\/ib\/wp-json\/wp\/v2\/media?parent=4435"}],"wp:term":[{"taxonomy":"category","embeddable":true,"href":"https:\/\/wp.ufpel.edu.br\/ib\/wp-json\/wp\/v2\/categories?post=4435"},{"taxonomy":"post_tag","embeddable":true,"href":"https:\/\/wp.ufpel.edu.br\/ib\/wp-json\/wp\/v2\/tags?post=4435"}],"curies":[{"name":"wp","href":"https:\/\/api.w.org\/{rel}","templated":true}]}}