{"id":4374,"date":"2023-08-16T11:09:11","date_gmt":"2023-08-16T14:09:11","guid":{"rendered":"https:\/\/wp.ufpel.edu.br\/ib\/?p=4374"},"modified":"2023-08-16T15:09:04","modified_gmt":"2023-08-16T18:09:04","slug":"servidor-do-ib-recebe-homenagem-dos-colegas-pelos-50-anos-de-ufpel","status":"publish","type":"post","link":"https:\/\/wp.ufpel.edu.br\/ib\/2023\/08\/16\/servidor-do-ib-recebe-homenagem-dos-colegas-pelos-50-anos-de-ufpel\/","title":{"rendered":"Servidor do IB recebe homenagem dos colegas pelos 50 anos de UFPEL"},"content":{"rendered":"<p>Na manh\u00e3 de hoje (16\/08\/2023) os servidores do Departamento de Morfologia, juntamente com os familiares do colega Manoel Ad\u00e3o Lemes, prestaram uma homenagem pelos seus 50 anos de atividades como TAE. O colega T\u00e9cnico de Laborat\u00f3rio ingressou na UFPEL em 16\/08\/1973 e, desde ent\u00e3o, atuou junto a \u00e1rea de Anatomia Humana do Departamento de Morfologia. Na data de hoje os colegas e a Dire\u00e7\u00e3o da Unidade ofereceram uma placa alusiva a data, assim como uma pequena confraterniza\u00e7\u00e3o junto com os seus familiares. Na oportunidade o professor Carlos Alberto Alves Tavares presenteou o colega Manoel com uma de suas obras de artes pintada especificamente \u00b4para a comemora\u00e7\u00e3o. A cerim\u00f4nia oportunizou aos colegas e a Dire\u00e7\u00e3o prestarem uma homenagem ao colega e seus familiares pelos 50 anos de dedica\u00e7\u00e3o e viv\u00eancias junto a sua fam\u00edlia profissional na UFPEL. Parab\u00e9ns Manoel Lemes pela tua perman\u00eancia e dedica\u00e7\u00e3o \u00e0 comunidade do Instituto de Biologia e da UFPEL nesses 50 anos de casa, sendo que melhor que isso, seguiremos com teu conv\u00edvio por um bom tempo ainda.<\/p>\n<p><a href=\"https:\/\/wp.ufpel.edu.br\/ib\/files\/2023\/08\/WhatsApp-Image-2023-08-16-at-10.55.23.jpeg\"><img class=\"size-medium wp-image-4376 aligncenter\" src=\"https:\/\/wp.ufpel.edu.br\/ib\/files\/2023\/08\/WhatsApp-Image-2023-08-16-at-10.55.23-400x300.jpeg\" alt=\"\" width=\"400\" height=\"300\" srcset=\"https:\/\/wp.ufpel.edu.br\/ib\/files\/2023\/08\/WhatsApp-Image-2023-08-16-at-10.55.23-400x300.jpeg 400w, https:\/\/wp.ufpel.edu.br\/ib\/files\/2023\/08\/WhatsApp-Image-2023-08-16-at-10.55.23-1024x768.jpeg 1024w, https:\/\/wp.ufpel.edu.br\/ib\/files\/2023\/08\/WhatsApp-Image-2023-08-16-at-10.55.23-768x576.jpeg 768w, https:\/\/wp.ufpel.edu.br\/ib\/files\/2023\/08\/WhatsApp-Image-2023-08-16-at-10.55.23-1536x1152.jpeg 1536w, https:\/\/wp.ufpel.edu.br\/ib\/files\/2023\/08\/WhatsApp-Image-2023-08-16-at-10.55.23.jpeg 1600w\" sizes=\"(max-width: 400px) 100vw, 400px\" \/><\/a> <a href=\"https:\/\/wp.ufpel.edu.br\/ib\/files\/2023\/08\/WhatsApp-Image-2023-08-16-at-10.56.25-3.jpeg\"><img class=\"size-medium wp-image-4377 aligncenter\" src=\"https:\/\/wp.ufpel.edu.br\/ib\/files\/2023\/08\/WhatsApp-Image-2023-08-16-at-10.56.25-3-400x300.jpeg\" alt=\"\" width=\"400\" height=\"300\" srcset=\"https:\/\/wp.ufpel.edu.br\/ib\/files\/2023\/08\/WhatsApp-Image-2023-08-16-at-10.56.25-3-400x300.jpeg 400w, https:\/\/wp.ufpel.edu.br\/ib\/files\/2023\/08\/WhatsApp-Image-2023-08-16-at-10.56.25-3-768x576.jpeg 768w, https:\/\/wp.ufpel.edu.br\/ib\/files\/2023\/08\/WhatsApp-Image-2023-08-16-at-10.56.25-3.jpeg 1024w\" sizes=\"(max-width: 400px) 100vw, 400px\" \/><\/a> <a href=\"https:\/\/wp.ufpel.edu.br\/ib\/files\/2023\/08\/WhatsApp-Image-2023-08-16-at-10.56.25-2.jpeg\"><img class=\"size-medium wp-image-4378 aligncenter\" src=\"https:\/\/wp.ufpel.edu.br\/ib\/files\/2023\/08\/WhatsApp-Image-2023-08-16-at-10.56.25-2-400x300.jpeg\" alt=\"\" width=\"400\" height=\"300\" srcset=\"https:\/\/wp.ufpel.edu.br\/ib\/files\/2023\/08\/WhatsApp-Image-2023-08-16-at-10.56.25-2-400x300.jpeg 400w, https:\/\/wp.ufpel.edu.br\/ib\/files\/2023\/08\/WhatsApp-Image-2023-08-16-at-10.56.25-2-768x576.jpeg 768w, https:\/\/wp.ufpel.edu.br\/ib\/files\/2023\/08\/WhatsApp-Image-2023-08-16-at-10.56.25-2.jpeg 1024w\" sizes=\"(max-width: 400px) 100vw, 400px\" \/><\/a> <a href=\"https:\/\/wp.ufpel.edu.br\/ib\/files\/2023\/08\/WhatsApp-Image-2023-08-16-at-10.56.25-1.jpeg\"><img class=\"size-medium wp-image-4379 aligncenter\" src=\"https:\/\/wp.ufpel.edu.br\/ib\/files\/2023\/08\/WhatsApp-Image-2023-08-16-at-10.56.25-1-400x300.jpeg\" alt=\"\" width=\"400\" height=\"300\" srcset=\"https:\/\/wp.ufpel.edu.br\/ib\/files\/2023\/08\/WhatsApp-Image-2023-08-16-at-10.56.25-1-400x300.jpeg 400w, https:\/\/wp.ufpel.edu.br\/ib\/files\/2023\/08\/WhatsApp-Image-2023-08-16-at-10.56.25-1-768x576.jpeg 768w, https:\/\/wp.ufpel.edu.br\/ib\/files\/2023\/08\/WhatsApp-Image-2023-08-16-at-10.56.25-1.jpeg 1024w\" sizes=\"(max-width: 400px) 100vw, 400px\" \/><\/a> <a href=\"https:\/\/wp.ufpel.edu.br\/ib\/files\/2023\/08\/WhatsApp-Image-2023-08-16-at-10.56.00.jpeg\"><img class=\"size-medium wp-image-4380 aligncenter\" src=\"https:\/\/wp.ufpel.edu.br\/ib\/files\/2023\/08\/WhatsApp-Image-2023-08-16-at-10.56.00-400x300.jpeg\" alt=\"\" width=\"400\" height=\"300\" srcset=\"https:\/\/wp.ufpel.edu.br\/ib\/files\/2023\/08\/WhatsApp-Image-2023-08-16-at-10.56.00-400x300.jpeg 400w, https:\/\/wp.ufpel.edu.br\/ib\/files\/2023\/08\/WhatsApp-Image-2023-08-16-at-10.56.00-768x576.jpeg 768w, https:\/\/wp.ufpel.edu.br\/ib\/files\/2023\/08\/WhatsApp-Image-2023-08-16-at-10.56.00.jpeg 1024w\" sizes=\"(max-width: 400px) 100vw, 400px\" \/><\/a> <a href=\"https:\/\/wp.ufpel.edu.br\/ib\/files\/2023\/08\/WhatsApp-Image-2023-08-16-at-10.55.28.jpeg\"><img class=\"size-medium wp-image-4381 aligncenter\" src=\"https:\/\/wp.ufpel.edu.br\/ib\/files\/2023\/08\/WhatsApp-Image-2023-08-16-at-10.55.28-400x300.jpeg\" alt=\"\" width=\"400\" height=\"300\" srcset=\"https:\/\/wp.ufpel.edu.br\/ib\/files\/2023\/08\/WhatsApp-Image-2023-08-16-at-10.55.28-400x300.jpeg 400w, https:\/\/wp.ufpel.edu.br\/ib\/files\/2023\/08\/WhatsApp-Image-2023-08-16-at-10.55.28-1024x768.jpeg 1024w, https:\/\/wp.ufpel.edu.br\/ib\/files\/2023\/08\/WhatsApp-Image-2023-08-16-at-10.55.28-768x576.jpeg 768w, https:\/\/wp.ufpel.edu.br\/ib\/files\/2023\/08\/WhatsApp-Image-2023-08-16-at-10.55.28-1536x1152.jpeg 1536w, https:\/\/wp.ufpel.edu.br\/ib\/files\/2023\/08\/WhatsApp-Image-2023-08-16-at-10.55.28.jpeg 1600w\" sizes=\"(max-width: 400px) 100vw, 400px\" \/><\/a><\/p>\n","protected":false},"excerpt":{"rendered":"<p>Na manh\u00e3 de hoje (16\/08\/2023) os servidores do Departamento de Morfologia, juntamente com os familiares do colega Manoel Ad\u00e3o Lemes, prestaram uma homenagem pelos seus 50 anos de atividades como TAE. O colega T\u00e9cnico de Laborat\u00f3rio ingressou na UFPEL em 16\/08\/1973 e, desde ent\u00e3o, atuou junto a \u00e1rea de Anatomia Humana do Departamento de Morfologia. [&hellip;]<\/p>\n","protected":false},"author":488,"featured_media":0,"comment_status":"closed","ping_status":"closed","sticky":false,"template":"","format":"standard","meta":{"jetpack_post_was_ever_published":false,"_jetpack_newsletter_access":"","_jetpack_dont_email_post_to_subs":false,"_jetpack_newsletter_tier_id":0,"_jetpack_memberships_contains_paywalled_content":false,"_jetpack_memberships_contains_paid_content":false,"footnotes":""},"categories":[18],"tags":[],"class_list":["post-4374","post","type-post","status-publish","format-standard","hentry","category-sem-categoria"],"jetpack_featured_media_url":"","jetpack_sharing_enabled":true,"jetpack_shortlink":"https:\/\/wp.me\/p6S2gY-18y","_links":{"self":[{"href":"https:\/\/wp.ufpel.edu.br\/ib\/wp-json\/wp\/v2\/posts\/4374","targetHints":{"allow":["GET"]}}],"collection":[{"href":"https:\/\/wp.ufpel.edu.br\/ib\/wp-json\/wp\/v2\/posts"}],"about":[{"href":"https:\/\/wp.ufpel.edu.br\/ib\/wp-json\/wp\/v2\/types\/post"}],"author":[{"embeddable":true,"href":"https:\/\/wp.ufpel.edu.br\/ib\/wp-json\/wp\/v2\/users\/488"}],"replies":[{"embeddable":true,"href":"https:\/\/wp.ufpel.edu.br\/ib\/wp-json\/wp\/v2\/comments?post=4374"}],"version-history":[{"count":4,"href":"https:\/\/wp.ufpel.edu.br\/ib\/wp-json\/wp\/v2\/posts\/4374\/revisions"}],"predecessor-version":[{"id":4385,"href":"https:\/\/wp.ufpel.edu.br\/ib\/wp-json\/wp\/v2\/posts\/4374\/revisions\/4385"}],"wp:attachment":[{"href":"https:\/\/wp.ufpel.edu.br\/ib\/wp-json\/wp\/v2\/media?parent=4374"}],"wp:term":[{"taxonomy":"category","embeddable":true,"href":"https:\/\/wp.ufpel.edu.br\/ib\/wp-json\/wp\/v2\/categories?post=4374"},{"taxonomy":"post_tag","embeddable":true,"href":"https:\/\/wp.ufpel.edu.br\/ib\/wp-json\/wp\/v2\/tags?post=4374"}],"curies":[{"name":"wp","href":"https:\/\/api.w.org\/{rel}","templated":true}]}}