{"id":4127,"date":"2023-02-17T09:59:53","date_gmt":"2023-02-17T12:59:53","guid":{"rendered":"https:\/\/wp.ufpel.edu.br\/ib\/?p=4127"},"modified":"2023-02-23T09:13:08","modified_gmt":"2023-02-23T12:13:08","slug":"calendario-de-reunioes-do-conselho-departamental-em-2023","status":"publish","type":"post","link":"https:\/\/wp.ufpel.edu.br\/ib\/2023\/02\/17\/calendario-de-reunioes-do-conselho-departamental-em-2023\/","title":{"rendered":"Calend\u00e1rio de reuni\u00f5es do Conselho Departamental em 2023"},"content":{"rendered":"<p style=\"text-align: justify;\">A Dire\u00e7\u00e3o do Instituto de Biologia torna p\u00fablico o calend\u00e1rio anual de reuni\u00f5es ordin\u00e1rias do Conselho Departamental em 2023, a saber:<\/p>\n<p><strong>15 Fevereiro\u00a0<\/strong> (15 quarta\u00a0 manh\u00e3)<\/p>\n<p><strong>23 Mar\u00e7o\u00a0<\/strong> (quinta tarde)<\/p>\n<p><strong>20 Abril\u00a0<\/strong> (quinta manh\u00e3)<\/p>\n<p><strong>15 Maio<\/strong> (segunda tarde)<\/p>\n<p><strong>20 Junho\u00a0<\/strong> (ter\u00e7a \u00a0manh\u00e3)<\/p>\n<p><strong>19 Julho\u00a0<\/strong> (quarta tarde)<\/p>\n<p><strong>24 Agosto<\/strong> (quinta manh\u00e3)<\/p>\n<p><strong>22 Setembro<\/strong> (sexta tarde)<\/p>\n<p><strong>24 Outubro<\/strong> (ter\u00e7a manh\u00e3)<\/p>\n<p><strong>22 \u00a0Novembro<\/strong> (quarta\u00a0 tarde)<\/p>\n<p><strong>13 Dezembro<\/strong> (quarta manh\u00e3)<\/p>\n<p style=\"text-align: justify;\">Ressalta-se que o Conselho Departamental se re\u00fane extraordinariamente para tratar de assuntos espec\u00edficos, como por exemplo aprecia\u00e7\u00e3o de Concursos P\u00fablicos Docentes, RAAD e outros assuntos urgentes ou com prazos determinados, tratando-se de situa\u00e7\u00f5es especiais e que n\u00e3o podem ser encaminhadas &#8220;<em>ad referendum<\/em>&#8221; ou que necessitam ser referendadas obedecendo o rito e normas administrativas vigentes.<\/p>\n<p style=\"text-align: justify;\">Os Conselheiros que s\u00e3o o Diretor, Vice-Diretor, Coordenadores de Cursos de Gradua\u00e7\u00e3o e P\u00f3s-Gradua\u00e7\u00e3o (representa\u00e7\u00e3o do F\u00f3rum de Coordenadores), Chefes do N\u00facleo Administrativo e Departamentos e\/ou \u00d3rg\u00e3os Suplementares (Museu Carlos Ritter), representantes de categorias docentes (Titulares, Associados e Adjuntos), de T\u00e9cnicos Administrativos em Educa\u00e7\u00e3o (TAEs) e de Discentes da Gradua\u00e7\u00e3o e P\u00f3s-Gradua\u00e7\u00e3o da Unidade <strong>devem<\/strong> priorizar a participa\u00e7\u00e3o \u00e0s reuni\u00f5es do Conselho, <strong>devendo ser liberados<\/strong> de outras atividades conforme prev\u00ea o Regimento da Universidade.<\/p>\n<p style=\"text-align: justify;\"><em><strong>Art. 27 \u2013<\/strong> O comparecimento dos membros dos Conselhos Superiores, as respectivas sess\u00f5es \u00e9 obrigat\u00f3rio e preferencial a qualquer atividade universit\u00e1ria.<\/em><br \/>\n<em>\u00a7 1\u00ba \u2013 O membro do Conselho que n\u00e3o comparece a 3(tr\u00eas) sess\u00f5es consecutivas ou 5(cinco) alternadas, em cada ano civil, salvo motivo justificado, perder\u00e1 o mandato.<\/em><br \/>\n<em>\u00a7 2\u00ba \u2013 Se o membro faltoso for diretor nomeado pelo Presidente da rep\u00fablica, o Conselho propor\u00e1 ao Governo a sua exonera\u00e7\u00e3o, por falta grave de descumprimento do dever universit\u00e1rio.<\/em><br \/>\n<em>\u00a7 3\u00ba \u2013 A ju\u00edzo do Conselho, as aus\u00eancias poder\u00e3o ser consideradas justificadas sempre que decorrentes de fatos not\u00f3rios ou, sen\u00e3o for o caso, sempre que apresentadas raz\u00f5es ponder\u00e1veis pelos interessados.<\/em><br \/>\n<em>\u00a7 4\u00ba \u2013 O pedido de justifica\u00e7\u00e3o dever\u00e1 ser feito verbalmente ou por escrito na sess\u00e3o da aus\u00eancia ou na pr\u00f3xima sess\u00e3o, ordin\u00e1ria ou extraordin\u00e1ria .<\/em><br \/>\n<em>\u00a7 5\u00ba \u2013 N\u00e3o havendo pedido de justifica\u00e7\u00e3o, a falta ser\u00e1 anotada na respectiva ata.<\/em><br \/>\n<em>\u00a7 6\u00ba \u2013 Os Conselheiros representantes do setor discente ser\u00e3o considerados presentes aos trabalhos escolares que se realizarem no per\u00edodo das sess\u00f5es e ter\u00e3o assegurado o direito \u00e0 realiza\u00e7\u00e3o de provas e avalia\u00e7\u00f5es que no mesmo per\u00edodo se efetuarem.<\/em><\/p>\n<p style=\"text-align: justify;\"><em><strong>Art.96 \u2013<\/strong> O comparecimento dos membros do Conselho Departamental, \u00e0s respectivas sess\u00f5es \u00e9 obrigat\u00f3rio e preferencial a qualquer atividade da Unidade , aplicando-se as disposi\u00e7\u00f5es do artigo 27 deste Regimento.<\/em><\/p>\n<p style=\"text-align: justify;\"><em><strong>Art. 196 \u2013<\/strong> N\u00e3o ser\u00e3o computadas as faltas de alunos ocasionadas pelo comparecimento, como representantes discentes as sess\u00f5es dos Colegiados da Universidade, em todos os seus n\u00edveis, bem como as aus\u00eancias decorrentes da participa\u00e7\u00e3o estudantil em curso de prepara\u00e7\u00e3o militar superior, da ACISO, da OPEMA, do CRUTAC, PROJETO RONDON e \u201cCAMPUS AVAN\u00c7ADO\u201d, conforme normas estabelecidas pelo Conselho Coordenador do Ensino e da Pesquisa.<\/em>)<\/p>\n","protected":false},"excerpt":{"rendered":"<p>A Dire\u00e7\u00e3o do Instituto de Biologia torna p\u00fablico o calend\u00e1rio anual de reuni\u00f5es ordin\u00e1rias do Conselho Departamental em 2023, a saber: 15 Fevereiro\u00a0 (15 quarta\u00a0 manh\u00e3) 23 Mar\u00e7o\u00a0 (quinta tarde) 20 Abril\u00a0 (quinta manh\u00e3) 15 Maio (segunda tarde) 20 Junho\u00a0 (ter\u00e7a \u00a0manh\u00e3) 19 Julho\u00a0 (quarta tarde) 24 Agosto (quinta manh\u00e3) 22 Setembro (sexta tarde) 24 [&hellip;]<\/p>\n","protected":false},"author":488,"featured_media":0,"comment_status":"closed","ping_status":"closed","sticky":false,"template":"","format":"standard","meta":{"jetpack_post_was_ever_published":false,"_jetpack_newsletter_access":"","_jetpack_dont_email_post_to_subs":false,"_jetpack_newsletter_tier_id":0,"_jetpack_memberships_contains_paywalled_content":false,"_jetpack_memberships_contains_paid_content":false,"footnotes":""},"categories":[18],"tags":[],"class_list":["post-4127","post","type-post","status-publish","format-standard","hentry","category-sem-categoria"],"jetpack_featured_media_url":"","jetpack_sharing_enabled":true,"jetpack_shortlink":"https:\/\/wp.me\/p6S2gY-14z","_links":{"self":[{"href":"https:\/\/wp.ufpel.edu.br\/ib\/wp-json\/wp\/v2\/posts\/4127","targetHints":{"allow":["GET"]}}],"collection":[{"href":"https:\/\/wp.ufpel.edu.br\/ib\/wp-json\/wp\/v2\/posts"}],"about":[{"href":"https:\/\/wp.ufpel.edu.br\/ib\/wp-json\/wp\/v2\/types\/post"}],"author":[{"embeddable":true,"href":"https:\/\/wp.ufpel.edu.br\/ib\/wp-json\/wp\/v2\/users\/488"}],"replies":[{"embeddable":true,"href":"https:\/\/wp.ufpel.edu.br\/ib\/wp-json\/wp\/v2\/comments?post=4127"}],"version-history":[{"count":4,"href":"https:\/\/wp.ufpel.edu.br\/ib\/wp-json\/wp\/v2\/posts\/4127\/revisions"}],"predecessor-version":[{"id":4142,"href":"https:\/\/wp.ufpel.edu.br\/ib\/wp-json\/wp\/v2\/posts\/4127\/revisions\/4142"}],"wp:attachment":[{"href":"https:\/\/wp.ufpel.edu.br\/ib\/wp-json\/wp\/v2\/media?parent=4127"}],"wp:term":[{"taxonomy":"category","embeddable":true,"href":"https:\/\/wp.ufpel.edu.br\/ib\/wp-json\/wp\/v2\/categories?post=4127"},{"taxonomy":"post_tag","embeddable":true,"href":"https:\/\/wp.ufpel.edu.br\/ib\/wp-json\/wp\/v2\/tags?post=4127"}],"curies":[{"name":"wp","href":"https:\/\/api.w.org\/{rel}","templated":true}]}}