{"id":4105,"date":"2023-02-11T11:09:13","date_gmt":"2023-02-11T14:09:13","guid":{"rendered":"https:\/\/wp.ufpel.edu.br\/ib\/?p=4105"},"modified":"2023-02-11T11:15:01","modified_gmt":"2023-02-11T14:15:01","slug":"curso-de-aperfeicoamento-em-aee-no-contexto-da-educacao-infantil","status":"publish","type":"post","link":"https:\/\/wp.ufpel.edu.br\/ib\/2023\/02\/11\/curso-de-aperfeicoamento-em-aee-no-contexto-da-educacao-infantil\/","title":{"rendered":"Curso de Aperfei\u00e7oamento em AEE no contexto da Educa\u00e7\u00e3o Infantil"},"content":{"rendered":"<p style=\"text-align: justify;\">Na manh\u00e3 de hoje, as 10 horas, \u00a0teve in\u00edcio teve in\u00edcio o primeiro curso de aperfei\u00e7oamento em atendimento educacional especializado (AEE) no contexto da educa\u00e7\u00e3o infantil ofertado pelo Instituto de Biologia. A tem\u00e1tica debatida no semin\u00e1rio foram as <strong>Culturas Infantis e Escolaridade<\/strong> tendo como palestrante a Dra. Rita de C\u00e1ssia Tavares Medeiros (FaE\/UFPel). A abertura do Semin\u00e1rio foi presidida pela professora <a href=\"http:\/\/lattes.cnpq.br\/9199716328773316\" target=\"_blank\" rel=\"noopener\">Rita C\u00f3ssio Rodriguez<\/a>, tendo participa\u00e7\u00e3o do professor <a href=\"http:\/\/lattes.cnpq.br\/7956000492760191\" target=\"_blank\" rel=\"noopener\">Luiz Fernando Minello<\/a> (Diretor do IB) e da palestrante acompanhados pela equipe de apoio (Fabio Nora e F\u00e1bio C\u00f3ssio) e pelas TILs Crisiane de Freita Soares e Clarissa Bilhalva\u00a0 e <a href=\"http:\/\/lattes.cnpq.br\/1313246889691443\" target=\"_blank\" rel=\"noopener\">Maximira Rockemback da Porciuncula<\/a> (descri\u00e7\u00e3o). \u00a0A professora Rita deu as boas-vindas ao professor Minello e demais participantes da mesa e ap\u00f3s sua audiodescri\u00e7\u00e3o passou a palavra ao professor Minello. Na sequ\u00eancia o professor Minello deu as boas-vindas a todos, agradeceu o trabalho da equipe da professora Rita junto ao <a href=\"https:\/\/wp.ufpel.edu.br\/nepca\/\" target=\"_blank\" rel=\"noopener\">NEPCA\/IB<\/a> (N\u00facleo de Estudos e Pesquisa em Cogni\u00e7\u00e3o e Aprendizagem) e teceu alguns coment\u00e1rios sobre sua compreens\u00e3o da import\u00e2ncia do tema em discuss\u00e3o desejando \u00eaxito aos participantes do evento e reiterando sua acolhida junto a comunidade do instituto de Biologia e na UFPEL.<\/p>\n<p style=\"text-align: center;\"><a href=\"https:\/\/wp.ufpel.edu.br\/ib\/files\/2023\/02\/WhatsApp-Image-2023-02-11-at-11.01.07.jpeg\"><img class=\"alignnone size-medium wp-image-4110\" src=\"https:\/\/wp.ufpel.edu.br\/ib\/files\/2023\/02\/WhatsApp-Image-2023-02-11-at-11.01.07-400x300.jpeg\" alt=\"\" width=\"400\" height=\"300\" srcset=\"https:\/\/wp.ufpel.edu.br\/ib\/files\/2023\/02\/WhatsApp-Image-2023-02-11-at-11.01.07-400x300.jpeg 400w, https:\/\/wp.ufpel.edu.br\/ib\/files\/2023\/02\/WhatsApp-Image-2023-02-11-at-11.01.07-1024x768.jpeg 1024w, https:\/\/wp.ufpel.edu.br\/ib\/files\/2023\/02\/WhatsApp-Image-2023-02-11-at-11.01.07-768x576.jpeg 768w, https:\/\/wp.ufpel.edu.br\/ib\/files\/2023\/02\/WhatsApp-Image-2023-02-11-at-11.01.07-1536x1152.jpeg 1536w, https:\/\/wp.ufpel.edu.br\/ib\/files\/2023\/02\/WhatsApp-Image-2023-02-11-at-11.01.07.jpeg 1600w\" sizes=\"(max-width: 400px) 100vw, 400px\" \/><\/a><\/p>\n<p style=\"text-align: justify;\">Retomando a palavra a professora Rita fez uma introdu\u00e7\u00e3o sobre os Cursos AEE ofertados pelo IB e apresentou o contexto do semin\u00e1rio atual \u2013 ressaltou que os cursos buscam ouvir, observar e construir junto com os part\u00edcipes uma educa\u00e7\u00e3o inclusiva exitosa. A AEE na educa\u00e7\u00e3o infantil tem o papel fundamental de apoiar o processo de educa\u00e7\u00e3o com o planejamento e apoio colaborativo, n\u00e3o s\u00f3 na sala de apoio, mas na sala de aula regular observando o que h\u00e1 de inova\u00e7\u00e3o na \u00e1rea atendendo os direitos fundamentais da inf\u00e2ncia. Concluiu sua fala ressaltando a import\u00e2ncia de oferta de uma educa\u00e7\u00e3o inclusiva, plural, de qualidade e universal, dentre outros aspectos. Prosseguiu passando informa\u00e7\u00f5es sobre o funcionamento do curso e ap\u00f3s apresentou a palestrante encerrando as atividades de abertura. No uso da palavra a professora Rita Medeiros agradeceu o convite e recordou suas atividades \u00a0como colega dos professores Minello e Rita e ressaltou que hoje ela \u00e9 uma pessoa que necessita da inclus\u00e3o, por uma defici\u00eancia adquirida. Depois prosseguiu com a ideia de inf\u00e2ncia e a partir da\u00ed desenvolveu seu semin\u00e1rio. Ressaltou que a crian\u00e7a sempre existiu, mas a ideia de inf\u00e2ncia foi constru\u00edda a partir do momento em que as crian\u00e7as passaram a ter mais tempo de vida. <em>Como as crian\u00e7as eram vistas como anjos havia uma certa naturalidade com a sua morte<\/em>. <em>A ideia de inf\u00e2ncia come\u00e7a ser constru\u00edda com os avan\u00e7os da ci\u00eancia que preservam a vida humana, construindo assim a exist\u00eancia da inf\u00e2ncia<\/em>. Prosseguiu sua apresenta\u00e7\u00e3o construindo a ideia de inf\u00e2ncia, sua import\u00e2ncia e a constru\u00e7\u00e3o dos seus saberes.<\/p>\n<p style=\"text-align: center;\"><a href=\"https:\/\/wp.ufpel.edu.br\/ib\/files\/2023\/02\/WhatsApp-Image-2023-02-11-at-11.01.14.jpeg\"><img class=\"alignnone size-medium wp-image-4112\" src=\"https:\/\/wp.ufpel.edu.br\/ib\/files\/2023\/02\/WhatsApp-Image-2023-02-11-at-11.01.14-400x300.jpeg\" alt=\"\" width=\"400\" height=\"300\" srcset=\"https:\/\/wp.ufpel.edu.br\/ib\/files\/2023\/02\/WhatsApp-Image-2023-02-11-at-11.01.14-400x300.jpeg 400w, https:\/\/wp.ufpel.edu.br\/ib\/files\/2023\/02\/WhatsApp-Image-2023-02-11-at-11.01.14-1024x768.jpeg 1024w, https:\/\/wp.ufpel.edu.br\/ib\/files\/2023\/02\/WhatsApp-Image-2023-02-11-at-11.01.14-768x576.jpeg 768w, https:\/\/wp.ufpel.edu.br\/ib\/files\/2023\/02\/WhatsApp-Image-2023-02-11-at-11.01.14-1536x1152.jpeg 1536w, https:\/\/wp.ufpel.edu.br\/ib\/files\/2023\/02\/WhatsApp-Image-2023-02-11-at-11.01.14.jpeg 1600w\" sizes=\"(max-width: 400px) 100vw, 400px\" \/><\/a><\/p>\n<p style=\"text-align: justify;\">Ap\u00f3s a apresenta\u00e7\u00e3o ocorreram debates entre a mesma e participantes do semin\u00e1rio. Parab\u00e9ns a equipe da professora Rita por mais esse semin\u00e1rio ofertado nesses 10 anos de trajet\u00f3ria na oferta de ferramentas para os processos inclusivos.<\/p>\n","protected":false},"excerpt":{"rendered":"<p>Na manh\u00e3 de hoje, as 10 horas, \u00a0teve in\u00edcio teve in\u00edcio o primeiro curso de aperfei\u00e7oamento em atendimento educacional especializado (AEE) no contexto da educa\u00e7\u00e3o infantil ofertado pelo Instituto de Biologia. A tem\u00e1tica debatida no semin\u00e1rio foram as Culturas Infantis e Escolaridade tendo como palestrante a Dra. Rita de C\u00e1ssia Tavares Medeiros (FaE\/UFPel). A abertura [&hellip;]<\/p>\n","protected":false},"author":488,"featured_media":0,"comment_status":"closed","ping_status":"closed","sticky":false,"template":"","format":"standard","meta":{"jetpack_post_was_ever_published":false,"_jetpack_newsletter_access":"","_jetpack_dont_email_post_to_subs":false,"_jetpack_newsletter_tier_id":0,"_jetpack_memberships_contains_paywalled_content":false,"_jetpack_memberships_contains_paid_content":false,"footnotes":""},"categories":[18],"tags":[],"class_list":["post-4105","post","type-post","status-publish","format-standard","hentry","category-sem-categoria"],"jetpack_featured_media_url":"","jetpack_sharing_enabled":true,"jetpack_shortlink":"https:\/\/wp.me\/p6S2gY-14d","_links":{"self":[{"href":"https:\/\/wp.ufpel.edu.br\/ib\/wp-json\/wp\/v2\/posts\/4105","targetHints":{"allow":["GET"]}}],"collection":[{"href":"https:\/\/wp.ufpel.edu.br\/ib\/wp-json\/wp\/v2\/posts"}],"about":[{"href":"https:\/\/wp.ufpel.edu.br\/ib\/wp-json\/wp\/v2\/types\/post"}],"author":[{"embeddable":true,"href":"https:\/\/wp.ufpel.edu.br\/ib\/wp-json\/wp\/v2\/users\/488"}],"replies":[{"embeddable":true,"href":"https:\/\/wp.ufpel.edu.br\/ib\/wp-json\/wp\/v2\/comments?post=4105"}],"version-history":[{"count":6,"href":"https:\/\/wp.ufpel.edu.br\/ib\/wp-json\/wp\/v2\/posts\/4105\/revisions"}],"predecessor-version":[{"id":4115,"href":"https:\/\/wp.ufpel.edu.br\/ib\/wp-json\/wp\/v2\/posts\/4105\/revisions\/4115"}],"wp:attachment":[{"href":"https:\/\/wp.ufpel.edu.br\/ib\/wp-json\/wp\/v2\/media?parent=4105"}],"wp:term":[{"taxonomy":"category","embeddable":true,"href":"https:\/\/wp.ufpel.edu.br\/ib\/wp-json\/wp\/v2\/categories?post=4105"},{"taxonomy":"post_tag","embeddable":true,"href":"https:\/\/wp.ufpel.edu.br\/ib\/wp-json\/wp\/v2\/tags?post=4105"}],"curies":[{"name":"wp","href":"https:\/\/api.w.org\/{rel}","templated":true}]}}